{"id":1040,"date":"2022-10-26T07:06:41","date_gmt":"2022-10-26T07:06:41","guid":{"rendered":"https:\/\/www.familiarivittimecovid19.it\/?p=1040"},"modified":"2022-12-07T14:34:17","modified_gmt":"2022-12-07T14:34:17","slug":"meloni-sulla-gestione-della-pandemia-serve-fare-chiarezza-i-familiaridelle-vittime-commissione-dinchiesta-subito","status":"publish","type":"post","link":"https:\/\/www.familiarivittimecovid19.it\/?p=1040","title":{"rendered":"Meloni sulla gestione della pandemia: &#8220;Serve fare chiarezza&#8221;. I familiari delle vittime: &#8220;Commissione d&#8217;inchiesta subito&#8221;"},"content":{"rendered":"\n<p class=\"wp-block-paragraph\">Giorgia Meloni, nel suo discorso di fiducia alla Camera di oggi, ha fatto riferimento alla gestione della pandemia da Covid19 ricordando che in Italia sono morte 177mila persone. &#8220;In Italia &#8211; ha commentato la neo presidente del Consiglio &#8211; siamo per ora usciti dall&#8217;emergenza solo per merito del personale sanitario a cui va la nostra gratitudine. Grazie anche ai lavoratori dei servizi essenziali che non si sono mai fermati e del terzo settore&#8221;. Il riferimento, che non \u00e8 passato inosservato ai familiari delle vittime riuniti nell&#8217;associazione che ha respiro nazionale &#8220;Sereni e sempre uniti&#8221;, \u00e8 stato anche alla Commissione d&#8217;inchiesta parlamentare, tanto discussa ma mai entrata in funzione. &#8220;Dobbiamo imparare dal passato &#8211; ha continuato Meloni &#8211; abbiamo applicato le misure pi\u00f9 restrittive di tutto l&#8217;Occidente ma qualcosa non ha funzionato visto l&#8217;alto tasso di mortalit\u00e0 e di contagio dunque non replicheremo quel modello. Occorrer\u00e0 fare chiarezza, lo si deve a chi ha perso la vita e chi non si \u00e8 risparmiato in corsia<br>mentre qualcun altro faceva affari con mascherine e respiratori&#8221;.<br>&#8220;Abbiamo ascoltato con interesse il discorso della neo premier Meloni &#8211; commentano i familiari delle vittime &#8211; in particolare sulla necessit\u00e0 di imparare dagli sbagli e dagli errori per imparare ed essere pronti alle prossime pandemie, che ci saranno. Confidiamo ora che queste parole trovino concretezza in una vera commissione di inchiesta, da noi richiesta da molto tempo, che indaghi a 360\u00b0&#8221;. Lo strumento della Commissione d&#8217;inchiesta \u00e8 stato chiesto dai familiari da 2 anni con manifestazioni pubbliche e<br>richieste ufficiali.<br>&#8220;Auspichiamo &#8211; concludono &#8211; che in questa commissione possa entrare a far parte anche la rappresentante legale del team, Consuelo Locati, che rappresenta noi e tutti i familiari delle vittime in causa al tribunale di Roma, e che ha dedicato, e continua a farlo, gli ultimi due anni e mezzo a fornire documenti e prove sulla sussistenza di gravi responsabilit\u00e0 istituzionali nella gestione pandemica, che purtroppo hanno origine almeno dall&#8217;anno 2013&#8221;.<\/p>\n","protected":false},"excerpt":{"rendered":"<p>Giorgia Meloni, nel suo discorso di fiducia alla Camera di oggi, ha fatto riferimento alla gestione della pandemia da Covid19 ricordando che in Italia sono morte 177mila persone. &#8220;In Italia &#8211; ha commentato la neo presidente del Consiglio &#8211; siamo per ora usciti dall&#8217;emergenza solo per merito del personale sanitario a cui va la nostra gratitudine. Grazie anche ai lavoratori dei servizi essenziali che non si sono mai fermati e del terzo settore&#8221;. Il riferimento, che non \u00e8 passato inosservato ai familiari delle vittime riuniti nell&#8217;associazione che ha respiro nazionale &#8220;Sereni e sempre uniti&#8221;, \u00e8 stato anche alla Commissione d&#8217;inchiesta parlamentare, tanto discussa ma mai entrata in funzione. &#8220;Dobbiamo imparare dal passato &#8211; ha continuato Meloni &#8211; abbiamo applicato le misure pi\u00f9 restrittive di tutto l&#8217;Occidente ma qualcosa non ha funzionato visto l&#8217;alto tasso di mortalit\u00e0 e di contagio dunque non replicheremo quel modello. Occorrer\u00e0 fare chiarezza, lo si deve a chi ha perso la vita e chi non si \u00e8 risparmiato in corsiamentre qualcun altro faceva affari con mascherine e respiratori&#8221;.&#8220;Abbiamo ascoltato con interesse il discorso della neo premier Meloni &#8211; commentano i familiari delle vittime &#8211; in particolare sulla necessit\u00e0 di imparare dagli sbagli e dagli errori per imparare ed essere pronti alle prossime pandemie, che ci saranno. Confidiamo ora che queste parole trovino concretezza in una vera commissione di inchiesta, da noi richiesta da molto tempo, che indaghi a 360\u00b0&#8221;. Lo strumento della Commissione d&#8217;inchiesta \u00e8 stato chiesto dai familiari da 2 anni con manifestazioni pubbliche erichieste ufficiali.&#8220;Auspichiamo &#8211; concludono &#8211; che in questa commissione possa entrare a far parte anche la rappresentante legale del team, Consuelo Locati, che rappresenta noi e tutti i familiari delle vittime in causa al tribunale di Roma, e che ha dedicato, e continua a farlo, gli ultimi due anni e mezzo a fornire documenti e prove sulla sussistenza di gravi responsabilit\u00e0 istituzionali nella gestione pandemica, che purtroppo hanno origine almeno dall&#8217;anno 2013&#8221;.<\/p>\n","protected":false},"author":1,"featured_media":962,"comment_status":"open","ping_status":"open","sticky":false,"template":"","format":"standard","meta":{"footnotes":""},"categories":[40],"tags":[],"class_list":["post-1040","post","type-post","status-publish","format-standard","has-post-thumbnail","hentry","category-comunicati-stampa"],"_links":{"self":[{"href":"https:\/\/www.familiarivittimecovid19.it\/index.php?rest_route=\/wp\/v2\/posts\/1040","targetHints":{"allow":["GET"]}}],"collection":[{"href":"https:\/\/www.familiarivittimecovid19.it\/index.php?rest_route=\/wp\/v2\/posts"}],"about":[{"href":"https:\/\/www.familiarivittimecovid19.it\/index.php?rest_route=\/wp\/v2\/types\/post"}],"author":[{"embeddable":true,"href":"https:\/\/www.familiarivittimecovid19.it\/index.php?rest_route=\/wp\/v2\/users\/1"}],"replies":[{"embeddable":true,"href":"https:\/\/www.familiarivittimecovid19.it\/index.php?rest_route=%2Fwp%2Fv2%2Fcomments&post=1040"}],"version-history":[{"count":2,"href":"https:\/\/www.familiarivittimecovid19.it\/index.php?rest_route=\/wp\/v2\/posts\/1040\/revisions"}],"predecessor-version":[{"id":1075,"href":"https:\/\/www.familiarivittimecovid19.it\/index.php?rest_route=\/wp\/v2\/posts\/1040\/revisions\/1075"}],"wp:featuredmedia":[{"embeddable":true,"href":"https:\/\/www.familiarivittimecovid19.it\/index.php?rest_route=\/wp\/v2\/media\/962"}],"wp:attachment":[{"href":"https:\/\/www.familiarivittimecovid19.it\/index.php?rest_route=%2Fwp%2Fv2%2Fmedia&parent=1040"}],"wp:term":[{"taxonomy":"category","embeddable":true,"href":"https:\/\/www.familiarivittimecovid19.it\/index.php?rest_route=%2Fwp%2Fv2%2Fcategories&post=1040"},{"taxonomy":"post_tag","embeddable":true,"href":"https:\/\/www.familiarivittimecovid19.it\/index.php?rest_route=%2Fwp%2Fv2%2Ftags&post=1040"}],"curies":[{"name":"wp","href":"https:\/\/api.w.org\/{rel}","templated":true}]}}