{"id":1043,"date":"2022-11-08T16:24:31","date_gmt":"2022-11-08T16:24:31","guid":{"rendered":"https:\/\/www.familiarivittimecovid19.it\/?p=1043"},"modified":"2023-11-23T15:27:48","modified_gmt":"2023-11-23T15:27:48","slug":"covid-a-san-marino-un-convengo-con-giuristi-medici-e-familiari","status":"publish","type":"post","link":"https:\/\/www.familiarivittimecovid19.it\/?p=1043","title":{"rendered":"Covid: a San Marino un convengo con giuristi, medici e familiari"},"content":{"rendered":"\n<p class=\"wp-block-paragraph\">Rimettere in fila i tasselli della storia, ricostruire le responsabilit\u00e0, fornire strumenti di lettura di quanto accaduto e apprendere lezioni affinch\u00e9 quello che \u00e8 successo in Italia nel 2020 con la pandemia da Covid19 non accada mai pi\u00f9: \u00e8 con questi obiettivi che continuano le iniziative dell\u2019Associazione familiari delle vittime Covid19 \u201cSereni e sempre uniti\u201d (<a href=\"https:\/\/www.familiarivittimecovid19.it\">https:\/\/www.familiarivittimecovid19.it<\/a>) che <strong>sabato 12 novembre 2022 porteranno il loro contributo nel contesto del convegno internazionale: \u201cN<\/strong><strong>uovi orizzonti giurisprudenziali, responsabilit\u00e0 organizzative e politiche vaccinali: nuove interpretazioni o vecchie regole dimenticate?\u201d<\/strong><\/p>\n\n\n\n<p class=\"wp-block-paragraph\"><strong>L\u2019evento a carattere scientifico e giuridico \u00e8 organizzato dal Cemec, Centro Europeo Medicina delle Catastrofi che ha sede nella Repubblica di San Marino<\/strong> dove si terr\u00e0 il convengo rivolto a medici, giuristi, infermieri e volontari (info ed iscrizioni: cemec@iss.sm cemec.info@iss.sm tel: 0549-994535\/994600).&nbsp;<\/p>\n\n\n\n<p class=\"wp-block-paragraph\">L\u2019appuntamento \u00e8 per le 9 di sabato 12 novembre presso la Sala Monte (5\u00b0 piano) dell\u2019Ospedale di Stato.&nbsp;<\/p>\n\n\n\n<p class=\"wp-block-paragraph\"><strong>Tra i relatori alcuni giuristi che tratteranno la tematica della pandemia con interventi tecnici <\/strong>volti a illustrare cosa non ha funzionato a livello normativo e cosa va necessariamente migliorato. <strong>A portare l\u2019attenzione sulla cronaca di questi giorni in cui molte procure d\u2019Italia stanno archiviando i procedimenti legati alla pandemia sar\u00e0 Consuelo Locati<\/strong>, del team legale che ha intrapreso la causa civile contro Ministero della Salute e Regione Lombardia: \u201cDopo due anni e mezzo &#8211; dichiara l\u2019avvocata Locati &#8211; continuiamo, insieme all\u2019associazione #Sereniesempreuniti, la nostra opera di acquisizione e diffusione di atti che accertano le responsabilit\u00e0 degli enti. Non va mai&nbsp;<\/p>\n\n\n\n<p class=\"wp-block-paragraph\">dimenticato che le istituzioni con i loro atteggiamenti omissivi, hanno contributo a quella che in Italia \u00e8 stata una vera e propria strage. A San Marino, con il contributo del Generale Pierpaolo Lunelli e del collega Luca Berni, <strong>andremo ad analizzare l\u2019impatto dell\u2019assenza del Piano pandemico, fornendo inoltre un documento inedito che illustra la piena consapevolezza del Ministero della Salute su come questa strage si potesse evitare<\/strong>\u201d.<\/p>\n\n\n\n<p class=\"wp-block-paragraph\"><strong>\u201c<\/strong><strong>Il convegno &#8211; continua il Dottor Emilio Chiodo, Direttore della qualificazione in legislazione sanitaria del Cemec San Marino &#8211; vuole aggiungere qualche novit\u00e0 nell<\/strong>\u2019<strong>interpretazione di quello che \u00e8 stato un fenomeno dilaniante e terribile, una catastrofe: l<\/strong>\u2019<strong>epidemia da Covid19<\/strong>. Mai come durante l\u2019infezione sono stati ribaltati principi e metodi che sembravano acquisiti. Sar\u00e0 questa dunque l\u2019occasione per ribadire cosa non ha funzionato anche a livello medico: come il divieto delle autopsie o gli errati protocolli di cura\u201d.<\/p>\n\n\n\n<p class=\"wp-block-paragraph\">\u201c<strong>L<\/strong>\u2019<strong>Associazione &#8211; conclude Cassandra Locati, presidente di #Sereniesempreuniti &#8211; \u00e8 grata per l<\/strong>\u2019<strong>interesse dimostrato dagli organizzatori del convegno in un contesto cos\u00ec prestigioso<\/strong>, come dimostra la partecipazione dei nostri associati. <strong>Siamo altres\u00ec onorati e grati per la decisione di devolvere gli eventuali introiti dell\u2019iniziativa alla nostra Associazione<\/strong>. Questo dimostra il riconoscimento sul territorio del valore della battaglia di verit\u00e0 e giustizia che stiamo portando avanti da oltre due anni e mezzo\u201d.<\/p>\n\n\n\n<p class=\"wp-block-paragraph\"><strong>Scarica la locandina con il programma qui <\/strong><\/p>\n\n\n\n<div data-wp-interactive=\"core\/file\" class=\"wp-block-file\"><object data-wp-bind--hidden=\"!state.hasPdfPreview\" hidden class=\"wp-block-file__embed\" data=\"http:\/\/www.familiarivittimecovid19.it\/wp-content\/uploads\/2022\/11\/Locandina-convegno-12-novembre-RSM-2.pdf\" type=\"application\/pdf\" style=\"width:100%;height:600px\" aria-label=\"Incorporamento di Locandina convegno 12 novembre RSM (2).\"><\/object><a id=\"wp-block-file--media-630d9bbe-de84-492c-b5b9-f5806e3a2380\" href=\"http:\/\/www.familiarivittimecovid19.it\/wp-content\/uploads\/2022\/11\/Locandina-convegno-12-novembre-RSM-2.pdf\">Locandina convegno 12 novembre RSM (2)<\/a><a href=\"http:\/\/www.familiarivittimecovid19.it\/wp-content\/uploads\/2022\/11\/Locandina-convegno-12-novembre-RSM-2.pdf\" class=\"wp-block-file__button wp-element-button\" download aria-describedby=\"wp-block-file--media-630d9bbe-de84-492c-b5b9-f5806e3a2380\">Download<\/a><\/div>\n\n\n\n<h2 class=\"wp-block-heading\">Rassegna stampa <\/h2>\n\n\n\n<figure class=\"wp-block-embed is-type-wp-embed is-provider-libertas wp-block-embed-libertas\"><div class=\"wp-block-embed__wrapper\">\n<blockquote class=\"wp-embedded-content\" data-secret=\"9WkHvQH6Jv\"><a href=\"https:\/\/www.libertas.sm\/san-marino-covid-cosa-non-ha-funzionato-convegno-il-12-novembre\/\">San Marino. Covid: cosa non ha funzionato? &#8211; Convegno il 12 novembre<\/a><\/blockquote><iframe class=\"wp-embedded-content\" sandbox=\"allow-scripts\" security=\"restricted\" style=\"position: absolute; clip: rect(1px, 1px, 1px, 1px);\" title=\"&#8220;San Marino. Covid: cosa non ha funzionato? &#8211; Convegno il 12 novembre&#8221; &#8212; libertas\" src=\"https:\/\/www.libertas.sm\/san-marino-covid-cosa-non-ha-funzionato-convegno-il-12-novembre\/embed\/#?secret=9WkHvQH6Jv\" data-secret=\"9WkHvQH6Jv\" width=\"600\" height=\"338\" frameborder=\"0\" marginwidth=\"0\" marginheight=\"0\" scrolling=\"no\"><\/iframe>\n<\/div><\/figure>\n\n\n\n<figure class=\"wp-block-embed is-type-wp-embed is-provider-chiamamicitta wp-block-embed-chiamamicitta\"><div class=\"wp-block-embed__wrapper\">\n<blockquote class=\"wp-embedded-content\" data-secret=\"vsy3BeCa3X\"><a href=\"https:\/\/www.chiamamicitta.it\/san-marino-strage-da-covid19-cosa-non-ha-funzionato-un-convengo-con-giuristi-medici-e-familiari\/\">San Marino, &#8220;Strage da Covid19&#8221;: cosa non ha funzionato? Un convengo con giuristi, medici e familiari<\/a><\/blockquote><iframe class=\"wp-embedded-content\" sandbox=\"allow-scripts\" security=\"restricted\" style=\"position: absolute; clip: rect(1px, 1px, 1px, 1px);\" title=\"&#8220;San Marino, &#8220;Strage da Covid19&#8221;: cosa non ha funzionato? Un convengo con giuristi, medici e familiari&#8221; &#8212; Chiamamicitta\" src=\"https:\/\/www.chiamamicitta.it\/san-marino-strage-da-covid19-cosa-non-ha-funzionato-un-convengo-con-giuristi-medici-e-familiari\/embed\/#?secret=vsy3BeCa3X\" data-secret=\"vsy3BeCa3X\" width=\"600\" height=\"338\" frameborder=\"0\" marginwidth=\"0\" marginheight=\"0\" scrolling=\"no\"><\/iframe>\n<\/div><\/figure>\n\n\n\n<p class=\"wp-block-paragraph\"><a href=\"https:\/\/www.altarimini.it\/News168235-familiari-delle-vittime-covid-uniti-per-chiedere-chiarezza-sulla-gestione-pandemica.php\">https:\/\/www.altarimini.it\/News168235-familiari-delle-vittime-covid-uniti-per-chiedere-chiarezza-sulla-gestione-pandemica.php<\/a><\/p>\n\n\n\n<p class=\"wp-block-paragraph\"><a href=\"https:\/\/www.ilrestodelcarlino.it\/rimini\/cronaca\/un-convegno-per-fare-il-punto-sulla-pandemia-1.8266933\">https:\/\/www.ilrestodelcarlino.it\/rimini\/cronaca\/un-convegno-per-fare-il-punto-sulla-pandemia-1.8266933<\/a><\/p>\n\n\n\n<p class=\"wp-block-paragraph\"><a href=\"https:\/\/www.sanmarinortv.sm\/eventi\/appuntamenti\/cemec-convegno-sul-covid-e1772\">https:\/\/www.sanmarinortv.sm\/eventi\/appuntamenti\/cemec-convegno-sul-covid-e1772<\/a><\/p>\n","protected":false},"excerpt":{"rendered":"<p>Rimettere in fila i tasselli della storia, ricostruire le responsabilit\u00e0, fornire strumenti di lettura di quanto accaduto e apprendere lezioni affinch\u00e9 quello che \u00e8 successo in Italia nel 2020 con la pandemia da Covid19 non accada mai pi\u00f9: \u00e8 con questi obiettivi che continuano le iniziative dell\u2019Associazione familiari delle vittime Covid19 \u201cSereni e sempre uniti\u201d (https:\/\/www.familiarivittimecovid19.it) che sabato 12 novembre 2022 porteranno il loro contributo nel contesto del convegno internazionale: \u201cNuovi orizzonti giurisprudenziali, responsabilit\u00e0 organizzative e politiche vaccinali: nuove interpretazioni o vecchie regole dimenticate?\u201d L\u2019evento a carattere scientifico e giuridico \u00e8 organizzato dal Cemec, Centro Europeo Medicina delle Catastrofi che ha sede nella Repubblica di San Marino dove si terr\u00e0 il convengo rivolto a medici, giuristi, infermieri e volontari (info ed iscrizioni: cemec@iss.sm cemec.info@iss.sm tel: 0549-994535\/994600).&nbsp; L\u2019appuntamento \u00e8 per le 9 di sabato 12 novembre presso la Sala Monte (5\u00b0 piano) dell\u2019Ospedale di Stato.&nbsp; Tra i relatori alcuni giuristi che tratteranno la tematica della pandemia con interventi tecnici volti a illustrare cosa non ha funzionato a livello normativo e cosa va necessariamente migliorato. A portare l\u2019attenzione sulla cronaca di questi giorni in cui molte procure d\u2019Italia stanno archiviando i procedimenti legati alla pandemia sar\u00e0 Consuelo Locati, del team legale che ha intrapreso la causa civile contro Ministero della Salute e Regione Lombardia: \u201cDopo due anni e mezzo &#8211; dichiara l\u2019avvocata Locati &#8211; continuiamo, insieme all\u2019associazione #Sereniesempreuniti, la nostra opera di acquisizione e diffusione di atti che accertano le responsabilit\u00e0 degli enti. Non va mai&nbsp; dimenticato che le istituzioni con i loro atteggiamenti omissivi, hanno contributo a quella che in Italia \u00e8 stata una vera e propria strage. A San Marino, con il contributo del Generale Pierpaolo Lunelli e del collega Luca Berni, andremo ad analizzare l\u2019impatto dell\u2019assenza del Piano pandemico, fornendo inoltre un documento inedito che illustra la piena consapevolezza del Ministero della Salute su come questa strage si potesse evitare\u201d. \u201cIl convegno &#8211; continua il Dottor Emilio Chiodo, Direttore della qualificazione in legislazione sanitaria del Cemec San Marino &#8211; vuole aggiungere qualche novit\u00e0 nell\u2019interpretazione di quello che \u00e8 stato un fenomeno dilaniante e terribile, una catastrofe: l\u2019epidemia da Covid19. Mai come durante l\u2019infezione sono stati ribaltati principi e metodi che sembravano acquisiti. Sar\u00e0 questa dunque l\u2019occasione per ribadire cosa non ha funzionato anche a livello medico: come il divieto delle autopsie o gli errati protocolli di cura\u201d. \u201cL\u2019Associazione &#8211; conclude Cassandra Locati, presidente di #Sereniesempreuniti &#8211; \u00e8 grata per l\u2019interesse dimostrato dagli organizzatori del convegno in un contesto cos\u00ec prestigioso, come dimostra la partecipazione dei nostri associati. Siamo altres\u00ec onorati e grati per la decisione di devolvere gli eventuali introiti dell\u2019iniziativa alla nostra Associazione. Questo dimostra il riconoscimento sul territorio del valore della battaglia di verit\u00e0 e giustizia che stiamo portando avanti da oltre due anni e mezzo\u201d. Scarica la locandina con il programma qui Rassegna stampa https:\/\/www.altarimini.it\/News168235-familiari-delle-vittime-covid-uniti-per-chiedere-chiarezza-sulla-gestione-pandemica.php https:\/\/www.ilrestodelcarlino.it\/rimini\/cronaca\/un-convegno-per-fare-il-punto-sulla-pandemia-1.8266933 https:\/\/www.sanmarinortv.sm\/eventi\/appuntamenti\/cemec-convegno-sul-covid-e1772<\/p>\n","protected":false},"author":3,"featured_media":1044,"comment_status":"open","ping_status":"open","sticky":false,"template":"","format":"standard","meta":{"footnotes":""},"categories":[40],"tags":[],"class_list":["post-1043","post","type-post","status-publish","format-standard","has-post-thumbnail","hentry","category-comunicati-stampa"],"_links":{"self":[{"href":"https:\/\/www.familiarivittimecovid19.it\/index.php?rest_route=\/wp\/v2\/posts\/1043","targetHints":{"allow":["GET"]}}],"collection":[{"href":"https:\/\/www.familiarivittimecovid19.it\/index.php?rest_route=\/wp\/v2\/posts"}],"about":[{"href":"https:\/\/www.familiarivittimecovid19.it\/index.php?rest_route=\/wp\/v2\/types\/post"}],"author":[{"embeddable":true,"href":"https:\/\/www.familiarivittimecovid19.it\/index.php?rest_route=\/wp\/v2\/users\/3"}],"replies":[{"embeddable":true,"href":"https:\/\/www.familiarivittimecovid19.it\/index.php?rest_route=%2Fwp%2Fv2%2Fcomments&post=1043"}],"version-history":[{"count":3,"href":"https:\/\/www.familiarivittimecovid19.it\/index.php?rest_route=\/wp\/v2\/posts\/1043\/revisions"}],"predecessor-version":[{"id":1056,"href":"https:\/\/www.familiarivittimecovid19.it\/index.php?rest_route=\/wp\/v2\/posts\/1043\/revisions\/1056"}],"wp:featuredmedia":[{"embeddable":true,"href":"https:\/\/www.familiarivittimecovid19.it\/index.php?rest_route=\/wp\/v2\/media\/1044"}],"wp:attachment":[{"href":"https:\/\/www.familiarivittimecovid19.it\/index.php?rest_route=%2Fwp%2Fv2%2Fmedia&parent=1043"}],"wp:term":[{"taxonomy":"category","embeddable":true,"href":"https:\/\/www.familiarivittimecovid19.it\/index.php?rest_route=%2Fwp%2Fv2%2Fcategories&post=1043"},{"taxonomy":"post_tag","embeddable":true,"href":"https:\/\/www.familiarivittimecovid19.it\/index.php?rest_route=%2Fwp%2Fv2%2Ftags&post=1043"}],"curies":[{"name":"wp","href":"https:\/\/api.w.org\/{rel}","templated":true}]}}