{"id":1083,"date":"2022-12-14T06:54:30","date_gmt":"2022-12-14T06:54:30","guid":{"rendered":"https:\/\/www.familiarivittimecovid19.it\/?p=1083"},"modified":"2023-01-06T07:49:36","modified_gmt":"2023-01-06T07:49:36","slug":"fontana-assente-a-spirano-una-prima-ammissione-di-responsabilita","status":"publish","type":"post","link":"https:\/\/www.familiarivittimecovid19.it\/?p=1083","title":{"rendered":"Fontana assente a Spirano: \u201cUna prima ammissione di responsabilit\u00e0\u201d"},"content":{"rendered":"\n<p class=\"wp-block-paragraph\">Era atteso marted\u00ec 13 dicembre alle 18 a Spirano (bassa bergamasca), al PalaSpir\u00e0, non solo dai componenti del presidio organizzato, ma anche dai sanitari che erano stati invitati con email a inizio mese per ricevere il suo \u201cgrazie\u201d: Attilio Fontana invece a Spirano non si \u00e8 presentato.<\/p>\n\n\n\n<p class=\"wp-block-paragraph\">\u201cLa non presenza di Fontana &#8211; commenta Consuelo Locati, legale dei familiari delle vittime del Covid19 dell\u2019associazione #Sereniesempreuniti altro non fa che confermare la sua incapacit\u00e0 di rispondere delle responsabilit\u00e0 della regione che lui preside di fronte ai familiari delle vittime del Covid19 e dimostra altres\u00ec che la battaglia che da quasi 3 anni stiamo portando avanti per fare emergere le verit\u00e0 scomode a carico anche delle istituzioni lombarde ha segnato quella che riteniamo sia una prima vittoria. Cio\u00e8 dimostrare che non si ha il coraggio delle proprie azioni e che \u00e8 facile parlare senza guardare negli occhi chi fa legittime domande e pretende altrettanto legittime risposte sulla scellerata gestione pandemica e sulla mancata istituzione della zona rossa che \u00e8 costata tra le 2000 e le 4000 morti in pi\u00f9\u201d.<\/p>\n\n\n\n<p class=\"wp-block-paragraph\">\u201cColpito e affondato &#8211; dice Eliana Como, Le radici del sindacato (Cgil) -. Fontana non si \u00e8 presentato perch\u00e9 dice di dormire sonni tranquilli, ma sa bene di cosa \u00e8 responsabile. Ha anteposto gli interessi di Confindustria e il #bergamoisrunning alla nostra salute pubblica. Con 4000 morti in pi\u00f9 sulla coscienza ci credo bene che non ha avuto il coraggio di presentarsi. \u00c9 la prova provata che non pu\u00f2 ricandidarsi alle regionali. Si faccia da parte e affronti le sue responsabilit\u00e0\u201d.<\/p>\n\n\n\n<p class=\"wp-block-paragraph\">Insieme ai familiari delle vittime e alla rappresentanza sindacale, a Spirano erano presenti al presidio rappresentanti di AlzanoViva &#8211; Cittadinanza Attiva e alcuni cittadini della provincia di Bergamo.<\/p>\n\n\n\n<p class=\"wp-block-paragraph\">Sull\u2019equivoco dell\u2019invito inviato per email il 2 dicembre al personale sanitario con la presenza di Fontana si \u00e8 espressa ATS Bergamo spiegando al&nbsp;<em>Domani&nbsp;<\/em>che \u201cPurtroppo la mail di sabato scorso \u00e8 stata inviata con la vecchia scaletta, che prevedeva l\u2019intervento di Fontana. \u00c9 partita perch\u00e9 programmata da tempo e in quei giorni di festa nessuno l\u2019ha bloccata\u201d. Sta di fatto che la stampa \u00e8 stata invitata alla serata di Spirano il 9 dicembre con riferimento alla presenza della presidenza di regione Lombardia e nessuno, da ATS o ASST ha mai smentito le uscite sui giornali che davano notizia della presenza di Fontana in provincia di Bergamo. L\u2019ennesimo scaricabarile secondo i familiari e gli aderenti al presidio che non deve distogliere l\u2019attenzione dalla ricerca della verit\u00e0.<\/p>\n\n\n\n<figure class=\"wp-block-image size-large\"><img fetchpriority=\"high\" decoding=\"async\" width=\"1024\" height=\"768\" src=\"http:\/\/www.familiarivittimecovid19.it\/wp-content\/uploads\/2022\/12\/spirano-13-dicembre-2022-1024x768.jpeg\" alt=\"\" class=\"wp-image-1084\" srcset=\"https:\/\/www.familiarivittimecovid19.it\/wp-content\/uploads\/2022\/12\/spirano-13-dicembre-2022-1024x768.jpeg 1024w, https:\/\/www.familiarivittimecovid19.it\/wp-content\/uploads\/2022\/12\/spirano-13-dicembre-2022-300x225.jpeg 300w, https:\/\/www.familiarivittimecovid19.it\/wp-content\/uploads\/2022\/12\/spirano-13-dicembre-2022-768x576.jpeg 768w, https:\/\/www.familiarivittimecovid19.it\/wp-content\/uploads\/2022\/12\/spirano-13-dicembre-2022-1536x1152.jpeg 1536w, https:\/\/www.familiarivittimecovid19.it\/wp-content\/uploads\/2022\/12\/spirano-13-dicembre-2022-1140x855.jpeg 1140w, https:\/\/www.familiarivittimecovid19.it\/wp-content\/uploads\/2022\/12\/spirano-13-dicembre-2022.jpeg 2016w\" sizes=\"(max-width: 1024px) 100vw, 1024px\" \/><\/figure>\n","protected":false},"excerpt":{"rendered":"<p>Era atteso marted\u00ec 13 dicembre alle 18 a Spirano (bassa bergamasca), al PalaSpir\u00e0, non solo dai componenti del presidio organizzato, ma anche dai sanitari che erano stati invitati con email a inizio mese per ricevere il suo \u201cgrazie\u201d: Attilio Fontana invece a Spirano non si \u00e8 presentato. \u201cLa non presenza di Fontana &#8211; commenta Consuelo Locati, legale dei familiari delle vittime del Covid19 dell\u2019associazione #Sereniesempreuniti altro non fa che confermare la sua incapacit\u00e0 di rispondere delle responsabilit\u00e0 della regione che lui preside di fronte ai familiari delle vittime del Covid19 e dimostra altres\u00ec che la battaglia che da quasi 3 anni stiamo portando avanti per fare emergere le verit\u00e0 scomode a carico anche delle istituzioni lombarde ha segnato quella che riteniamo sia una prima vittoria. Cio\u00e8 dimostrare che non si ha il coraggio delle proprie azioni e che \u00e8 facile parlare senza guardare negli occhi chi fa legittime domande e pretende altrettanto legittime risposte sulla scellerata gestione pandemica e sulla mancata istituzione della zona rossa che \u00e8 costata tra le 2000 e le 4000 morti in pi\u00f9\u201d. \u201cColpito e affondato &#8211; dice Eliana Como, Le radici del sindacato (Cgil) -. Fontana non si \u00e8 presentato perch\u00e9 dice di dormire sonni tranquilli, ma sa bene di cosa \u00e8 responsabile. Ha anteposto gli interessi di Confindustria e il #bergamoisrunning alla nostra salute pubblica. Con 4000 morti in pi\u00f9 sulla coscienza ci credo bene che non ha avuto il coraggio di presentarsi. \u00c9 la prova provata che non pu\u00f2 ricandidarsi alle regionali. Si faccia da parte e affronti le sue responsabilit\u00e0\u201d. Insieme ai familiari delle vittime e alla rappresentanza sindacale, a Spirano erano presenti al presidio rappresentanti di AlzanoViva &#8211; Cittadinanza Attiva e alcuni cittadini della provincia di Bergamo. Sull\u2019equivoco dell\u2019invito inviato per email il 2 dicembre al personale sanitario con la presenza di Fontana si \u00e8 espressa ATS Bergamo spiegando al&nbsp;Domani&nbsp;che \u201cPurtroppo la mail di sabato scorso \u00e8 stata inviata con la vecchia scaletta, che prevedeva l\u2019intervento di Fontana. \u00c9 partita perch\u00e9 programmata da tempo e in quei giorni di festa nessuno l\u2019ha bloccata\u201d. Sta di fatto che la stampa \u00e8 stata invitata alla serata di Spirano il 9 dicembre con riferimento alla presenza della presidenza di regione Lombardia e nessuno, da ATS o ASST ha mai smentito le uscite sui giornali che davano notizia della presenza di Fontana in provincia di Bergamo. L\u2019ennesimo scaricabarile secondo i familiari e gli aderenti al presidio che non deve distogliere l\u2019attenzione dalla ricerca della verit\u00e0.<\/p>\n","protected":false},"author":3,"featured_media":1085,"comment_status":"open","ping_status":"open","sticky":false,"template":"","format":"standard","meta":{"footnotes":""},"categories":[40],"tags":[],"class_list":["post-1083","post","type-post","status-publish","format-standard","has-post-thumbnail","hentry","category-comunicati-stampa"],"_links":{"self":[{"href":"https:\/\/www.familiarivittimecovid19.it\/index.php?rest_route=\/wp\/v2\/posts\/1083","targetHints":{"allow":["GET"]}}],"collection":[{"href":"https:\/\/www.familiarivittimecovid19.it\/index.php?rest_route=\/wp\/v2\/posts"}],"about":[{"href":"https:\/\/www.familiarivittimecovid19.it\/index.php?rest_route=\/wp\/v2\/types\/post"}],"author":[{"embeddable":true,"href":"https:\/\/www.familiarivittimecovid19.it\/index.php?rest_route=\/wp\/v2\/users\/3"}],"replies":[{"embeddable":true,"href":"https:\/\/www.familiarivittimecovid19.it\/index.php?rest_route=%2Fwp%2Fv2%2Fcomments&post=1083"}],"version-history":[{"count":4,"href":"https:\/\/www.familiarivittimecovid19.it\/index.php?rest_route=\/wp\/v2\/posts\/1083\/revisions"}],"predecessor-version":[{"id":1089,"href":"https:\/\/www.familiarivittimecovid19.it\/index.php?rest_route=\/wp\/v2\/posts\/1083\/revisions\/1089"}],"wp:featuredmedia":[{"embeddable":true,"href":"https:\/\/www.familiarivittimecovid19.it\/index.php?rest_route=\/wp\/v2\/media\/1085"}],"wp:attachment":[{"href":"https:\/\/www.familiarivittimecovid19.it\/index.php?rest_route=%2Fwp%2Fv2%2Fmedia&parent=1083"}],"wp:term":[{"taxonomy":"category","embeddable":true,"href":"https:\/\/www.familiarivittimecovid19.it\/index.php?rest_route=%2Fwp%2Fv2%2Fcategories&post=1083"},{"taxonomy":"post_tag","embeddable":true,"href":"https:\/\/www.familiarivittimecovid19.it\/index.php?rest_route=%2Fwp%2Fv2%2Ftags&post=1083"}],"curies":[{"name":"wp","href":"https:\/\/api.w.org\/{rel}","templated":true}]}}