{"id":1243,"date":"2023-04-19T14:05:21","date_gmt":"2023-04-19T14:05:21","guid":{"rendered":"https:\/\/www.familiarivittimecovid19.it\/?p=1243"},"modified":"2023-05-06T07:56:37","modified_gmt":"2023-05-06T07:56:37","slug":"lassociazione-sereni-e-sempre-uniti-incontra-abf","status":"publish","type":"post","link":"https:\/\/www.familiarivittimecovid19.it\/?p=1243","title":{"rendered":"L\u2019associazione \u201cSereni e sempre uniti\u201d incontra ABF"},"content":{"rendered":"\n<p class=\"wp-block-paragraph\">Con gioia vi annunciamo che \u00e8 iniziato il nostro progetto dedicato alle scuole: grazie ad ABF (Azienda Bergamasca Formazione) &#8211; Sede di Clusone (Bg) per la collaborazione e l&#8217;ospitalit\u00e0! A breve vi racconteremo di pi\u00f9. Intanto vi lasciamo parte del loro comunicato. <\/p>\n\n\n\n<p class=\"wp-block-paragraph\"><strong>L\u2019associazione \u201cSereni e sempre uniti\u201d incontra ABF<\/strong><\/p>\n\n\n\n<p class=\"wp-block-paragraph\">La sede di Clusone di Azienda Bergamasca Formazione ha avuto il piacere di ospitare l\u2019Associazione \u201c<strong><em>Sereni e Sempre Uniti<\/em><\/strong>\u201d per un progetto che coinvolge gli studenti delle classi terze e quarte. L\u2019iniziativa si \u00e8 concentrata sulla promozione della resilienza e dell\u2019unit\u00e0 tra le persone, due valori che sono diventati ancora pi\u00f9 importanti durante il periodo di pandemia che abbiamo vissuto.<\/p>\n\n\n\n<p class=\"wp-block-paragraph\">Il progetto \u00e8 stato strutturato in due fasi. La prima fase ha visto le classi riunite per partecipare a un incontro con l\u2019Associazione, durante il quale i ragazzi hanno avuto l\u2019opportunit\u00e0 di confrontarsi e condividere le proprie esperienze del periodo Covid. Successivamente, l\u2019Associazione si \u00e8 spostata nelle singole classi per approfondire il tema della resilienza e dell\u2019impegno sociale.<\/p>\n\n\n\n<p class=\"wp-block-paragraph\"><a href=\"https:\/\/www.abf.eu\/clusone\/sereni-e-sempre-uniti\/\" target=\"_blank\" rel=\"noreferrer noopener\">Leggi tutto sul sito di ABF Clusone<\/a>. <\/p>\n","protected":false},"excerpt":{"rendered":"<p>Con gioia vi annunciamo che \u00e8 iniziato il nostro progetto dedicato alle scuole: grazie ad ABF (Azienda Bergamasca Formazione) &#8211; Sede di Clusone (Bg) per la collaborazione e l&#8217;ospitalit\u00e0! A breve vi racconteremo di pi\u00f9. Intanto vi lasciamo parte del loro comunicato. L\u2019associazione \u201cSereni e sempre uniti\u201d incontra ABF La sede di Clusone di Azienda Bergamasca Formazione ha avuto il piacere di ospitare l\u2019Associazione \u201cSereni e Sempre Uniti\u201d per un progetto che coinvolge gli studenti delle classi terze e quarte. L\u2019iniziativa si \u00e8 concentrata sulla promozione della resilienza e dell\u2019unit\u00e0 tra le persone, due valori che sono diventati ancora pi\u00f9 importanti durante il periodo di pandemia che abbiamo vissuto. Il progetto \u00e8 stato strutturato in due fasi. La prima fase ha visto le classi riunite per partecipare a un incontro con l\u2019Associazione, durante il quale i ragazzi hanno avuto l\u2019opportunit\u00e0 di confrontarsi e condividere le proprie esperienze del periodo Covid. Successivamente, l\u2019Associazione si \u00e8 spostata nelle singole classi per approfondire il tema della resilienza e dell\u2019impegno sociale. Leggi tutto sul sito di ABF Clusone.<\/p>\n","protected":false},"author":3,"featured_media":1244,"comment_status":"open","ping_status":"open","sticky":false,"template":"","format":"standard","meta":{"footnotes":""},"categories":[40],"tags":[],"class_list":["post-1243","post","type-post","status-publish","format-standard","has-post-thumbnail","hentry","category-comunicati-stampa"],"_links":{"self":[{"href":"https:\/\/www.familiarivittimecovid19.it\/index.php?rest_route=\/wp\/v2\/posts\/1243","targetHints":{"allow":["GET"]}}],"collection":[{"href":"https:\/\/www.familiarivittimecovid19.it\/index.php?rest_route=\/wp\/v2\/posts"}],"about":[{"href":"https:\/\/www.familiarivittimecovid19.it\/index.php?rest_route=\/wp\/v2\/types\/post"}],"author":[{"embeddable":true,"href":"https:\/\/www.familiarivittimecovid19.it\/index.php?rest_route=\/wp\/v2\/users\/3"}],"replies":[{"embeddable":true,"href":"https:\/\/www.familiarivittimecovid19.it\/index.php?rest_route=%2Fwp%2Fv2%2Fcomments&post=1243"}],"version-history":[{"count":1,"href":"https:\/\/www.familiarivittimecovid19.it\/index.php?rest_route=\/wp\/v2\/posts\/1243\/revisions"}],"predecessor-version":[{"id":1245,"href":"https:\/\/www.familiarivittimecovid19.it\/index.php?rest_route=\/wp\/v2\/posts\/1243\/revisions\/1245"}],"wp:featuredmedia":[{"embeddable":true,"href":"https:\/\/www.familiarivittimecovid19.it\/index.php?rest_route=\/wp\/v2\/media\/1244"}],"wp:attachment":[{"href":"https:\/\/www.familiarivittimecovid19.it\/index.php?rest_route=%2Fwp%2Fv2%2Fmedia&parent=1243"}],"wp:term":[{"taxonomy":"category","embeddable":true,"href":"https:\/\/www.familiarivittimecovid19.it\/index.php?rest_route=%2Fwp%2Fv2%2Fcategories&post=1243"},{"taxonomy":"post_tag","embeddable":true,"href":"https:\/\/www.familiarivittimecovid19.it\/index.php?rest_route=%2Fwp%2Fv2%2Ftags&post=1243"}],"curies":[{"name":"wp","href":"https:\/\/api.w.org\/{rel}","templated":true}]}}