{"id":1246,"date":"2023-04-20T13:15:16","date_gmt":"2023-04-20T13:15:16","guid":{"rendered":"https:\/\/www.familiarivittimecovid19.it\/?p=1246"},"modified":"2023-05-06T07:56:29","modified_gmt":"2023-05-06T07:56:29","slug":"sereniesempreuniti-entra-nelle-scuole","status":"publish","type":"post","link":"https:\/\/www.familiarivittimecovid19.it\/?p=1246","title":{"rendered":"#Sereniesempreuniti entra nelle scuole"},"content":{"rendered":"\n<p class=\"wp-block-paragraph\">Ha preso il via nell\u2019aprile 2023 il progetto educativo dell\u2019Associazione dei familiari delle vittime del Covid19#Sereniesempreuniti che ha come obiettivo quello di diffondere la cultura della memoria nelle scuole bergamasche e non solo.&nbsp;<\/p>\n\n\n\n<p class=\"wp-block-paragraph\">\u201cSiamo partiti dalla provincia di Bergamo perch\u00e9 \u00e8 tra i territori pi\u00f9 colpiti dalla pandemia nella primavera 2020 &#8211; spiega Cassandra Locati, presidente dell\u2019Associazione e insegnante di scuola primaria -. Il progetto scuole si rivolge ai bambini delle classi 5\u00b0 delle scuole primarie e ai ragazzi delle scuole secondarie di primo e secondo grado\u201d.<\/p>\n\n\n\n<p class=\"wp-block-paragraph\">Il \u201cprogetto scuole\u201d, presentato a tutti i dirigenti scolastici negli scorsi mesi, ha preso il via luned\u00ec 17 e mercoled\u00ec 19 aprile 2023 grazie alla collaborazione con l\u2019<a rel=\"noreferrer noopener\" href=\"https:\/\/www.abf.eu\/clusone\/sereni-e-sempre-uniti\/\" target=\"_blank\">Azienda Bergamasca Formazione<\/a>, sede di Clusone, in alta Valle Seriana. Coinvolti circa 130 ragazzi delle classi terze e quarte, che hanno potuto conoscere la storia dell\u2019Associazione e i progetti della stessa, tra cui la diffusione del libro \u201cQuello che resta di una vita\u201d.<\/p>\n\n\n\n<p class=\"wp-block-paragraph\">In un secondo momento i ragazzi hanno lavorato sulle loro emozioni e ricordi, non necessariamente legati al lutto, ma facendo riferimento a quello che \u00e8 stato il periodo del primo lockdown. A coinvolgerli nell\u2019attivit\u00e0: un video, il racconto e la scrittura di pensieri anonimi su alcuni bigliettini.&nbsp;<\/p>\n\n\n\n<p class=\"wp-block-paragraph\">\u201cQuello su cui abbiamo lavorato e che ci preme testimoniare &#8211; spiega Manuela Scandella di #Sereniesempreuniti &#8211; \u00e8 la resilienza intesa come capacit\u00e0 di adattarsi e sopravvivere ad un evento straordinario. Quello che \u00e8 successo a tutti, non solo a noi familiari, in quel triste 2020, ma che oggi ci ha permesso di essere qui in mezzo ai ragazzi al motto di \u2018sereni e sempre uniti\u2019\u201d.<\/p>\n\n\n\n<p class=\"wp-block-paragraph\">Dal canto loro gli studenti hanno accolto con piacere l\u2019attivit\u00e0 educativa proposta: per loro \u00e8 stato importante riflettere su un periodo che li ha segnati soprattutto per la lontananza da amici e dalle attivit\u00e0 quotidiane. \u201cHo imparato a fare palestra a casa\u201d, \u201cHo portato fuori il cane tantissime volte\u201d, \u201cFacevo videochiamate con gli amici tutto il giorno, oggi non le faccio pi\u00f9\u201d, si legge su alcuni dei bigliettini che testimoniano la capacit\u00e0 di adattarsi anche dei pi\u00f9 giovani e finalmente poi il ritorno alla normalit\u00e0 fatta di scuola, amicizie e sport.&nbsp;<\/p>\n\n\n\n<p class=\"wp-block-paragraph\">Chi volesse conoscere il progetto nel dettaglio e farlo entrare nella propria scuola pu\u00f2 scrivere a <a href=\"mailto:info@familiarivittimecovid19.it\">info@familiarivittimecovid19.it<\/a>&nbsp;<\/p>\n\n\n\n<p class=\"wp-block-paragraph\">Attualmente l\u2019associazione sta partecipando al bando \u201cUna mano a chi sostiene\u201d promosso da Cattolica Assicurazioni e finalizzato a sostenere azioni capaci di promuovere l\u2019inclusione e la coesione sociale. L\u2019eventuale aggiudicazione del premio consentir\u00e0 alla associazione di poter supportare le future attivit\u00e0. Se anche voi volete aiutare, con un voto gratuito, potete cliccare questi link: <a href=\"https:\/\/cattolica.unamanoachisostiene.it\/progetto\/sereniesempreuniti-associazione-familiari-vittime-covid-19\/\">https:\/\/cattolica.unamanoachisostiene.it\/progetto\/sereniesempreuniti-associazione-familiari-vittime-covid-19\/<\/a>.<\/p>\n\n\n\n<h2 class=\"wp-block-heading\">Video e foto della mattinata <\/h2>\n\n\n\n<figure class=\"wp-block-embed is-type-video is-provider-youtube wp-block-embed-youtube wp-embed-aspect-16-9 wp-has-aspect-ratio\"><div class=\"wp-block-embed__wrapper\">\n<iframe title=\"#Sereniesempreuniti entra nelle scuole: al via il progetto educativo\" width=\"960\" height=\"540\" src=\"https:\/\/www.youtube.com\/embed\/MKRxpQzUJd0?feature=oembed\" frameborder=\"0\" allow=\"accelerometer; autoplay; clipboard-write; encrypted-media; gyroscope; picture-in-picture; web-share\" allowfullscreen><\/iframe>\n<\/div><\/figure>\n\n\n\n<p class=\"wp-block-paragraph\"><\/p>\n\n\n\n<figure class=\"wp-block-gallery has-nested-images columns-1 is-cropped wp-block-gallery-1 is-layout-flex wp-block-gallery-is-layout-flex\">\n<figure class=\"wp-block-image size-large\"><img fetchpriority=\"high\" decoding=\"async\" width=\"1024\" height=\"745\" data-id=\"1249\" src=\"https:\/\/www.familiarivittimecovid19.it\/wp-content\/uploads\/2023\/04\/sereni-e-sempre-uniti-scuole-3-1024x745.jpeg\" alt=\"\" class=\"wp-image-1249\" srcset=\"https:\/\/www.familiarivittimecovid19.it\/wp-content\/uploads\/2023\/04\/sereni-e-sempre-uniti-scuole-3-1024x745.jpeg 1024w, https:\/\/www.familiarivittimecovid19.it\/wp-content\/uploads\/2023\/04\/sereni-e-sempre-uniti-scuole-3-300x218.jpeg 300w, https:\/\/www.familiarivittimecovid19.it\/wp-content\/uploads\/2023\/04\/sereni-e-sempre-uniti-scuole-3-768x559.jpeg 768w, https:\/\/www.familiarivittimecovid19.it\/wp-content\/uploads\/2023\/04\/sereni-e-sempre-uniti-scuole-3-1140x829.jpeg 1140w, https:\/\/www.familiarivittimecovid19.it\/wp-content\/uploads\/2023\/04\/sereni-e-sempre-uniti-scuole-3.jpeg 1269w\" sizes=\"(max-width: 1024px) 100vw, 1024px\" \/><\/figure>\n\n\n\n<figure class=\"wp-block-image size-large\"><img decoding=\"async\" width=\"1024\" height=\"671\" data-id=\"1247\" src=\"https:\/\/www.familiarivittimecovid19.it\/wp-content\/uploads\/2023\/04\/WhatsApp-Image-2023-04-19-at-10.59.17-1024x671.jpeg\" alt=\"\" class=\"wp-image-1247\" srcset=\"https:\/\/www.familiarivittimecovid19.it\/wp-content\/uploads\/2023\/04\/WhatsApp-Image-2023-04-19-at-10.59.17-1024x671.jpeg 1024w, https:\/\/www.familiarivittimecovid19.it\/wp-content\/uploads\/2023\/04\/WhatsApp-Image-2023-04-19-at-10.59.17-300x197.jpeg 300w, https:\/\/www.familiarivittimecovid19.it\/wp-content\/uploads\/2023\/04\/WhatsApp-Image-2023-04-19-at-10.59.17-768x503.jpeg 768w, https:\/\/www.familiarivittimecovid19.it\/wp-content\/uploads\/2023\/04\/WhatsApp-Image-2023-04-19-at-10.59.17-1140x747.jpeg 1140w, https:\/\/www.familiarivittimecovid19.it\/wp-content\/uploads\/2023\/04\/WhatsApp-Image-2023-04-19-at-10.59.17.jpeg 1500w\" sizes=\"(max-width: 1024px) 100vw, 1024px\" \/><\/figure>\n\n\n\n<figure class=\"wp-block-image size-large\"><img decoding=\"async\" width=\"1024\" height=\"461\" data-id=\"1250\" src=\"https:\/\/www.familiarivittimecovid19.it\/wp-content\/uploads\/2023\/04\/sereni-e-sempre-uniti-scuole-4-1024x461.jpeg\" alt=\"\" class=\"wp-image-1250\" srcset=\"https:\/\/www.familiarivittimecovid19.it\/wp-content\/uploads\/2023\/04\/sereni-e-sempre-uniti-scuole-4-1024x461.jpeg 1024w, https:\/\/www.familiarivittimecovid19.it\/wp-content\/uploads\/2023\/04\/sereni-e-sempre-uniti-scuole-4-300x135.jpeg 300w, https:\/\/www.familiarivittimecovid19.it\/wp-content\/uploads\/2023\/04\/sereni-e-sempre-uniti-scuole-4-768x346.jpeg 768w, https:\/\/www.familiarivittimecovid19.it\/wp-content\/uploads\/2023\/04\/sereni-e-sempre-uniti-scuole-4-1536x691.jpeg 1536w, https:\/\/www.familiarivittimecovid19.it\/wp-content\/uploads\/2023\/04\/sereni-e-sempre-uniti-scuole-4-1140x513.jpeg 1140w, https:\/\/www.familiarivittimecovid19.it\/wp-content\/uploads\/2023\/04\/sereni-e-sempre-uniti-scuole-4.jpeg 2000w\" sizes=\"(max-width: 1024px) 100vw, 1024px\" \/><\/figure>\n<\/figure>\n\n\n\n<p class=\"wp-block-paragraph\"><\/p>\n\n\n\n<figure class=\"wp-block-gallery has-nested-images columns-1 is-cropped wp-block-gallery-2 is-layout-flex wp-block-gallery-is-layout-flex\">\n<figure class=\"wp-block-image size-large\"><img loading=\"lazy\" decoding=\"async\" width=\"1024\" height=\"768\" data-id=\"1254\" src=\"https:\/\/www.familiarivittimecovid19.it\/wp-content\/uploads\/2023\/04\/sereni-e-sempre-uniti-abf-clusone-1024x768.jpeg\" alt=\"\" class=\"wp-image-1254\" srcset=\"https:\/\/www.familiarivittimecovid19.it\/wp-content\/uploads\/2023\/04\/sereni-e-sempre-uniti-abf-clusone-1024x768.jpeg 1024w, https:\/\/www.familiarivittimecovid19.it\/wp-content\/uploads\/2023\/04\/sereni-e-sempre-uniti-abf-clusone-300x225.jpeg 300w, https:\/\/www.familiarivittimecovid19.it\/wp-content\/uploads\/2023\/04\/sereni-e-sempre-uniti-abf-clusone-768x576.jpeg 768w, https:\/\/www.familiarivittimecovid19.it\/wp-content\/uploads\/2023\/04\/sereni-e-sempre-uniti-abf-clusone-1536x1152.jpeg 1536w, https:\/\/www.familiarivittimecovid19.it\/wp-content\/uploads\/2023\/04\/sereni-e-sempre-uniti-abf-clusone-1140x855.jpeg 1140w, https:\/\/www.familiarivittimecovid19.it\/wp-content\/uploads\/2023\/04\/sereni-e-sempre-uniti-abf-clusone.jpeg 2016w\" sizes=\"(max-width: 1024px) 100vw, 1024px\" \/><\/figure>\n\n\n\n<figure class=\"wp-block-image size-large\"><img loading=\"lazy\" decoding=\"async\" width=\"1024\" height=\"768\" data-id=\"1255\" src=\"https:\/\/www.familiarivittimecovid19.it\/wp-content\/uploads\/2023\/04\/sereni-e-sempre-uniti-abf-clusone-2-1024x768.jpeg\" alt=\"\" class=\"wp-image-1255\" srcset=\"https:\/\/www.familiarivittimecovid19.it\/wp-content\/uploads\/2023\/04\/sereni-e-sempre-uniti-abf-clusone-2-1024x768.jpeg 1024w, https:\/\/www.familiarivittimecovid19.it\/wp-content\/uploads\/2023\/04\/sereni-e-sempre-uniti-abf-clusone-2-300x225.jpeg 300w, https:\/\/www.familiarivittimecovid19.it\/wp-content\/uploads\/2023\/04\/sereni-e-sempre-uniti-abf-clusone-2-768x576.jpeg 768w, https:\/\/www.familiarivittimecovid19.it\/wp-content\/uploads\/2023\/04\/sereni-e-sempre-uniti-abf-clusone-2-1536x1152.jpeg 1536w, https:\/\/www.familiarivittimecovid19.it\/wp-content\/uploads\/2023\/04\/sereni-e-sempre-uniti-abf-clusone-2-1140x855.jpeg 1140w, https:\/\/www.familiarivittimecovid19.it\/wp-content\/uploads\/2023\/04\/sereni-e-sempre-uniti-abf-clusone-2.jpeg 2016w\" sizes=\"(max-width: 1024px) 100vw, 1024px\" \/><\/figure>\n<\/figure>\n","protected":false},"excerpt":{"rendered":"<p>Ha preso il via nell\u2019aprile 2023 il progetto educativo dell\u2019Associazione dei familiari delle vittime del Covid19#Sereniesempreuniti che ha come obiettivo quello di diffondere la cultura della memoria nelle scuole bergamasche e non solo.&nbsp; \u201cSiamo partiti dalla provincia di Bergamo perch\u00e9 \u00e8 tra i territori pi\u00f9 colpiti dalla pandemia nella primavera 2020 &#8211; spiega Cassandra Locati, presidente dell\u2019Associazione e insegnante di scuola primaria -. Il progetto scuole si rivolge ai bambini delle classi 5\u00b0 delle scuole primarie e ai ragazzi delle scuole secondarie di primo e secondo grado\u201d. Il \u201cprogetto scuole\u201d, presentato a tutti i dirigenti scolastici negli scorsi mesi, ha preso il via luned\u00ec 17 e mercoled\u00ec 19 aprile 2023 grazie alla collaborazione con l\u2019Azienda Bergamasca Formazione, sede di Clusone, in alta Valle Seriana. Coinvolti circa 130 ragazzi delle classi terze e quarte, che hanno potuto conoscere la storia dell\u2019Associazione e i progetti della stessa, tra cui la diffusione del libro \u201cQuello che resta di una vita\u201d. In un secondo momento i ragazzi hanno lavorato sulle loro emozioni e ricordi, non necessariamente legati al lutto, ma facendo riferimento a quello che \u00e8 stato il periodo del primo lockdown. A coinvolgerli nell\u2019attivit\u00e0: un video, il racconto e la scrittura di pensieri anonimi su alcuni bigliettini.&nbsp; \u201cQuello su cui abbiamo lavorato e che ci preme testimoniare &#8211; spiega Manuela Scandella di #Sereniesempreuniti &#8211; \u00e8 la resilienza intesa come capacit\u00e0 di adattarsi e sopravvivere ad un evento straordinario. Quello che \u00e8 successo a tutti, non solo a noi familiari, in quel triste 2020, ma che oggi ci ha permesso di essere qui in mezzo ai ragazzi al motto di \u2018sereni e sempre uniti\u2019\u201d. Dal canto loro gli studenti hanno accolto con piacere l\u2019attivit\u00e0 educativa proposta: per loro \u00e8 stato importante riflettere su un periodo che li ha segnati soprattutto per la lontananza da amici e dalle attivit\u00e0 quotidiane. \u201cHo imparato a fare palestra a casa\u201d, \u201cHo portato fuori il cane tantissime volte\u201d, \u201cFacevo videochiamate con gli amici tutto il giorno, oggi non le faccio pi\u00f9\u201d, si legge su alcuni dei bigliettini che testimoniano la capacit\u00e0 di adattarsi anche dei pi\u00f9 giovani e finalmente poi il ritorno alla normalit\u00e0 fatta di scuola, amicizie e sport.&nbsp; Chi volesse conoscere il progetto nel dettaglio e farlo entrare nella propria scuola pu\u00f2 scrivere a info@familiarivittimecovid19.it&nbsp; Attualmente l\u2019associazione sta partecipando al bando \u201cUna mano a chi sostiene\u201d promosso da Cattolica Assicurazioni e finalizzato a sostenere azioni capaci di promuovere l\u2019inclusione e la coesione sociale. L\u2019eventuale aggiudicazione del premio consentir\u00e0 alla associazione di poter supportare le future attivit\u00e0. Se anche voi volete aiutare, con un voto gratuito, potete cliccare questi link: https:\/\/cattolica.unamanoachisostiene.it\/progetto\/sereniesempreuniti-associazione-familiari-vittime-covid-19\/. Video e foto della mattinata<\/p>\n","protected":false},"author":3,"featured_media":1248,"comment_status":"open","ping_status":"open","sticky":false,"template":"","format":"standard","meta":{"footnotes":""},"categories":[40],"tags":[],"class_list":["post-1246","post","type-post","status-publish","format-standard","has-post-thumbnail","hentry","category-comunicati-stampa"],"_links":{"self":[{"href":"https:\/\/www.familiarivittimecovid19.it\/index.php?rest_route=\/wp\/v2\/posts\/1246","targetHints":{"allow":["GET"]}}],"collection":[{"href":"https:\/\/www.familiarivittimecovid19.it\/index.php?rest_route=\/wp\/v2\/posts"}],"about":[{"href":"https:\/\/www.familiarivittimecovid19.it\/index.php?rest_route=\/wp\/v2\/types\/post"}],"author":[{"embeddable":true,"href":"https:\/\/www.familiarivittimecovid19.it\/index.php?rest_route=\/wp\/v2\/users\/3"}],"replies":[{"embeddable":true,"href":"https:\/\/www.familiarivittimecovid19.it\/index.php?rest_route=%2Fwp%2Fv2%2Fcomments&post=1246"}],"version-history":[{"count":7,"href":"https:\/\/www.familiarivittimecovid19.it\/index.php?rest_route=\/wp\/v2\/posts\/1246\/revisions"}],"predecessor-version":[{"id":1260,"href":"https:\/\/www.familiarivittimecovid19.it\/index.php?rest_route=\/wp\/v2\/posts\/1246\/revisions\/1260"}],"wp:featuredmedia":[{"embeddable":true,"href":"https:\/\/www.familiarivittimecovid19.it\/index.php?rest_route=\/wp\/v2\/media\/1248"}],"wp:attachment":[{"href":"https:\/\/www.familiarivittimecovid19.it\/index.php?rest_route=%2Fwp%2Fv2%2Fmedia&parent=1246"}],"wp:term":[{"taxonomy":"category","embeddable":true,"href":"https:\/\/www.familiarivittimecovid19.it\/index.php?rest_route=%2Fwp%2Fv2%2Fcategories&post=1246"},{"taxonomy":"post_tag","embeddable":true,"href":"https:\/\/www.familiarivittimecovid19.it\/index.php?rest_route=%2Fwp%2Fv2%2Ftags&post=1246"}],"curies":[{"name":"wp","href":"https:\/\/api.w.org\/{rel}","templated":true}]}}