{"id":1262,"date":"2023-05-06T07:59:10","date_gmt":"2023-05-06T07:59:10","guid":{"rendered":"https:\/\/www.familiarivittimecovid19.it\/?p=1262"},"modified":"2023-05-16T06:19:12","modified_gmt":"2023-05-16T06:19:12","slug":"covid-fine-dellemergenza-sanitaria-i-familiari-delle-vittime-giusto-andare-avanti-ma-doveroso-accertare-le-responsabilita","status":"publish","type":"post","link":"https:\/\/www.familiarivittimecovid19.it\/?p=1262","title":{"rendered":"Covid: fine dell\u2019emergenza sanitaria. I familiari delle vittime: \u201cGiusto andare avanti ma doveroso accertare le responsabilit\u00e0\u201d"},"content":{"rendered":"\n<p class=\"wp-block-paragraph\">Il Comitato tecnico dell\u2019Oms, per tramite del direttore generale Tedros Ghrebreyesus, \u201cha raccomandato la fine dello stato di emergenza e questa indicazione \u00e8 stata accolta\u201d di fatto <strong>dichiarando la fine dell\u2019emergenza sanitaria legata alla pandemia da Covid19<\/strong>. Lo stato di emergenza sanitaria internazionale era stato dichiarato il 30 gennaio 2020.<\/p>\n\n\n\n<p class=\"wp-block-paragraph\">\u201cQuesto \u00e8 un momento da celebrare \u2013 ha detto Ghebreyesus \u2013 ma \u00e8 anche un momento per riflettere. Ora abbiamo strumenti e tecnologie per prepararci a pandemie meglio e riconoscerle prima, ma globalmente una mancanza di coordinamento potrebbe inficiare tali strumenti. Sono state perse vite che non dovevano essere perse, promettiamo ai nostri figli e nipoti che non faremo mai pi\u00f9 gli stessi errori.\u201d<\/p>\n\n\n\n<p class=\"wp-block-paragraph\"><strong>Le dichiarazioni dei massimi vertici dell&#8217;Oms non sono passate inosservate ai familiari delle vittime del Covid19 riuniti nella Associazione #Sereniesempreuniti<\/strong>.<\/p>\n\n\n\n<p class=\"wp-block-paragraph\">\u201cLa pandemia \u00e8 finita con 20 milioni di morti stimati dall\u2019OMS. Ci inchiniamo con rispetto alla memoria di tante vittime &#8211; dichiarano dal direttivo -. La vita va avanti. Resta il carico di dolore che il Covid ha lasciato nella vita di tante famiglie e che oggi pi\u00f9 che mai si rinnova. <strong>\u00c8 nostro preciso dovere non dimenticare quello che \u00e8 successo, cercare la verit\u00e0, accertare le responsabilit\u00e0 e avere fiducia nella giustizia<\/strong>\u201d.<\/p>\n\n\n\n<p class=\"wp-block-paragraph\">Alla luce di questa notizia, assumono ancora pi\u00f9 valenza i<strong> prossimi eventi che vedono l\u2018Associazione <\/strong>impegnata sul piano giudiziario e di testimonianza.&nbsp;<\/p>\n\n\n\n<p class=\"wp-block-paragraph\">\u00c8 atteso infatti per <strong>il 10 maggio a Brescia l\u2019interrogatorio di Giuseppe Conte e Roberto Speranza <\/strong>nell\u2019ambito delle procedimento penale avviato dopo le chiusura delle indagini condotte dalla procura di Bergamo<\/p>\n\n\n\n<p class=\"wp-block-paragraph\"><strong>Il 17 maggio l\u2019avvocato Consuelo Locati<\/strong>, del team dei legali che supporta i familiari, <strong>interverr\u00e0 presso la sede italiana del Parlamento europeo<\/strong> all\u2019interno di un evento di valenza internazionale proprio per riflettere sulle lezioni apprese durante la recente pandemia. Mentre per <strong>il 24 maggio a Roma \u00e8 prevista la prima udienza della causa civile <\/strong>intentata da pi\u00f9 di 650 familiari contro le istituzioni nazionali e regionali.<\/p>\n","protected":false},"excerpt":{"rendered":"<p>Il Comitato tecnico dell\u2019Oms, per tramite del direttore generale Tedros Ghrebreyesus, \u201cha raccomandato la fine dello stato di emergenza e questa indicazione \u00e8 stata accolta\u201d di fatto dichiarando la fine dell\u2019emergenza sanitaria legata alla pandemia da Covid19. Lo stato di emergenza sanitaria internazionale era stato dichiarato il 30 gennaio 2020. \u201cQuesto \u00e8 un momento da celebrare \u2013 ha detto Ghebreyesus \u2013 ma \u00e8 anche un momento per riflettere. Ora abbiamo strumenti e tecnologie per prepararci a pandemie meglio e riconoscerle prima, ma globalmente una mancanza di coordinamento potrebbe inficiare tali strumenti. Sono state perse vite che non dovevano essere perse, promettiamo ai nostri figli e nipoti che non faremo mai pi\u00f9 gli stessi errori.\u201d Le dichiarazioni dei massimi vertici dell&#8217;Oms non sono passate inosservate ai familiari delle vittime del Covid19 riuniti nella Associazione #Sereniesempreuniti. \u201cLa pandemia \u00e8 finita con 20 milioni di morti stimati dall\u2019OMS. Ci inchiniamo con rispetto alla memoria di tante vittime &#8211; dichiarano dal direttivo -. La vita va avanti. Resta il carico di dolore che il Covid ha lasciato nella vita di tante famiglie e che oggi pi\u00f9 che mai si rinnova. \u00c8 nostro preciso dovere non dimenticare quello che \u00e8 successo, cercare la verit\u00e0, accertare le responsabilit\u00e0 e avere fiducia nella giustizia\u201d. Alla luce di questa notizia, assumono ancora pi\u00f9 valenza i prossimi eventi che vedono l\u2018Associazione impegnata sul piano giudiziario e di testimonianza.&nbsp; \u00c8 atteso infatti per il 10 maggio a Brescia l\u2019interrogatorio di Giuseppe Conte e Roberto Speranza nell\u2019ambito delle procedimento penale avviato dopo le chiusura delle indagini condotte dalla procura di Bergamo Il 17 maggio l\u2019avvocato Consuelo Locati, del team dei legali che supporta i familiari, interverr\u00e0 presso la sede italiana del Parlamento europeo all\u2019interno di un evento di valenza internazionale proprio per riflettere sulle lezioni apprese durante la recente pandemia. Mentre per il 24 maggio a Roma \u00e8 prevista la prima udienza della causa civile intentata da pi\u00f9 di 650 familiari contro le istituzioni nazionali e regionali.<\/p>\n","protected":false},"author":3,"featured_media":1147,"comment_status":"open","ping_status":"open","sticky":false,"template":"","format":"standard","meta":{"footnotes":""},"categories":[40],"tags":[],"class_list":["post-1262","post","type-post","status-publish","format-standard","has-post-thumbnail","hentry","category-comunicati-stampa"],"_links":{"self":[{"href":"https:\/\/www.familiarivittimecovid19.it\/index.php?rest_route=\/wp\/v2\/posts\/1262","targetHints":{"allow":["GET"]}}],"collection":[{"href":"https:\/\/www.familiarivittimecovid19.it\/index.php?rest_route=\/wp\/v2\/posts"}],"about":[{"href":"https:\/\/www.familiarivittimecovid19.it\/index.php?rest_route=\/wp\/v2\/types\/post"}],"author":[{"embeddable":true,"href":"https:\/\/www.familiarivittimecovid19.it\/index.php?rest_route=\/wp\/v2\/users\/3"}],"replies":[{"embeddable":true,"href":"https:\/\/www.familiarivittimecovid19.it\/index.php?rest_route=%2Fwp%2Fv2%2Fcomments&post=1262"}],"version-history":[{"count":1,"href":"https:\/\/www.familiarivittimecovid19.it\/index.php?rest_route=\/wp\/v2\/posts\/1262\/revisions"}],"predecessor-version":[{"id":1263,"href":"https:\/\/www.familiarivittimecovid19.it\/index.php?rest_route=\/wp\/v2\/posts\/1262\/revisions\/1263"}],"wp:featuredmedia":[{"embeddable":true,"href":"https:\/\/www.familiarivittimecovid19.it\/index.php?rest_route=\/wp\/v2\/media\/1147"}],"wp:attachment":[{"href":"https:\/\/www.familiarivittimecovid19.it\/index.php?rest_route=%2Fwp%2Fv2%2Fmedia&parent=1262"}],"wp:term":[{"taxonomy":"category","embeddable":true,"href":"https:\/\/www.familiarivittimecovid19.it\/index.php?rest_route=%2Fwp%2Fv2%2Fcategories&post=1262"},{"taxonomy":"post_tag","embeddable":true,"href":"https:\/\/www.familiarivittimecovid19.it\/index.php?rest_route=%2Fwp%2Fv2%2Ftags&post=1262"}],"curies":[{"name":"wp","href":"https:\/\/api.w.org\/{rel}","templated":true}]}}