{"id":1554,"date":"2024-04-12T14:38:43","date_gmt":"2024-04-12T14:38:43","guid":{"rendered":"https:\/\/www.familiarivittimecovid19.it\/?p=1554"},"modified":"2024-04-12T14:38:43","modified_gmt":"2024-04-12T14:38:43","slug":"sotto-la-cenere-un-docufilm-di-amir-saleh-guardalo-qui","status":"publish","type":"post","link":"https:\/\/www.familiarivittimecovid19.it\/?p=1554","title":{"rendered":"&#8220;Sotto la cenere&#8221; un docufilm di Amir Saleh &#8211; guardalo qui"},"content":{"rendered":"\n<p class=\"wp-block-paragraph\">Il docufilm \u201cSotto la cenere\u201d di Amir Saleh, regista bergamasco, dopo aver girato numerosi festival in Europa e dopo le proiezioni in Italia e in bergamasca, arriva sul web. <\/p>\n\n\n\n<p class=\"wp-block-paragraph\">La nostra Associazione collabora fattivamente con il regista per continuare a testimoniare quanto accaduto nei primi mesi della pandemia in bergamasca. Ringraziamo Amir per la sensibilit\u00e0 dimostrata nei confronti della nostra realt\u00e0 associativa a cui ha anche destinato i ricavi di alcune proiezioni.<\/p>\n\n\n\n<h2 class=\"wp-block-heading\">Sotto la cenere &#8211; il docufilm <\/h2>\n\n\n\n<p class=\"wp-block-paragraph\">Il documentario, premiato in diversi festival, attraversa tutte le fasi dell\u2019incubo vissuto dagli abitanti di Bergamo e provincia con l\u2019arrivo del Covid. Approfondisce le circostanze della mancata zona rossa e dalle scelte politiche di quei giorni con le conseguenze che hanno fatto di Bergamo la citt\u00e0 pi\u00f9 colpita dopo Wuhan.<\/p>\n\n\n\n<p class=\"wp-block-paragraph\">Amir Saleh \u00e8 nato&nbsp;a Bergamo nel 1988: ha studiato filmmaking a Cinecitt\u00e0 e presso i Filmhouse Studios di Formello con specializzazione in sceneggiatura e regia. Autore di cortometraggi, videoclip, spot e promo, \u00e8 da sempre focalizzato sul cinema del reale che tratta tematiche sociali.<\/p>\n\n\n\n<p class=\"wp-block-paragraph\">Il titolo trae origine dal detto in dialetto bergamasco: \u201cCar\u00e0ter de la rassa bergamasca:&nbsp;fi\u00e0ma de rar;&nbsp;s\u00f3ta la s\u00e8nder, brasca\u201d. Che significa \u201cIl carattere della gente bergamasca: s\u2019infiamma di rado, ma, sotto le cenere,&nbsp;conserva viva una brace sempre accesa\u201d.<\/p>\n\n\n\n<figure class=\"wp-block-embed is-type-video is-provider-youtube wp-block-embed-youtube wp-embed-aspect-16-9 wp-has-aspect-ratio\"><div class=\"wp-block-embed__wrapper\">\n<iframe title=\"Sotto La Cenere\" width=\"960\" height=\"540\" src=\"https:\/\/www.youtube.com\/embed\/WTXFVxEjgLU?feature=oembed\" frameborder=\"0\" allow=\"accelerometer; autoplay; clipboard-write; encrypted-media; gyroscope; picture-in-picture; web-share\" referrerpolicy=\"strict-origin-when-cross-origin\" allowfullscreen><\/iframe>\n<\/div><\/figure>\n","protected":false},"excerpt":{"rendered":"<p>Il docufilm \u201cSotto la cenere\u201d di Amir Saleh, regista bergamasco, arriva sul web<\/p>\n","protected":false},"author":3,"featured_media":1555,"comment_status":"open","ping_status":"open","sticky":true,"template":"","format":"standard","meta":{"footnotes":""},"categories":[40],"tags":[],"class_list":["post-1554","post","type-post","status-publish","format-standard","has-post-thumbnail","hentry","category-comunicati-stampa"],"_links":{"self":[{"href":"https:\/\/www.familiarivittimecovid19.it\/index.php?rest_route=\/wp\/v2\/posts\/1554","targetHints":{"allow":["GET"]}}],"collection":[{"href":"https:\/\/www.familiarivittimecovid19.it\/index.php?rest_route=\/wp\/v2\/posts"}],"about":[{"href":"https:\/\/www.familiarivittimecovid19.it\/index.php?rest_route=\/wp\/v2\/types\/post"}],"author":[{"embeddable":true,"href":"https:\/\/www.familiarivittimecovid19.it\/index.php?rest_route=\/wp\/v2\/users\/3"}],"replies":[{"embeddable":true,"href":"https:\/\/www.familiarivittimecovid19.it\/index.php?rest_route=%2Fwp%2Fv2%2Fcomments&post=1554"}],"version-history":[{"count":1,"href":"https:\/\/www.familiarivittimecovid19.it\/index.php?rest_route=\/wp\/v2\/posts\/1554\/revisions"}],"predecessor-version":[{"id":1556,"href":"https:\/\/www.familiarivittimecovid19.it\/index.php?rest_route=\/wp\/v2\/posts\/1554\/revisions\/1556"}],"wp:featuredmedia":[{"embeddable":true,"href":"https:\/\/www.familiarivittimecovid19.it\/index.php?rest_route=\/wp\/v2\/media\/1555"}],"wp:attachment":[{"href":"https:\/\/www.familiarivittimecovid19.it\/index.php?rest_route=%2Fwp%2Fv2%2Fmedia&parent=1554"}],"wp:term":[{"taxonomy":"category","embeddable":true,"href":"https:\/\/www.familiarivittimecovid19.it\/index.php?rest_route=%2Fwp%2Fv2%2Fcategories&post=1554"},{"taxonomy":"post_tag","embeddable":true,"href":"https:\/\/www.familiarivittimecovid19.it\/index.php?rest_route=%2Fwp%2Fv2%2Ftags&post=1554"}],"curies":[{"name":"wp","href":"https:\/\/api.w.org\/{rel}","templated":true}]}}