{"id":178,"date":"2021-03-18T09:17:48","date_gmt":"2021-03-18T09:17:48","guid":{"rendered":"https:\/\/www.familiarivittimecovid19.it\/?p=178"},"modified":"2021-10-26T09:39:01","modified_gmt":"2021-10-26T09:39:01","slug":"draghi-a-bergamo-il-18-marzo-i-legali-dei-famigliari-delle-vittime-non-esiste-ricorrenza-senza-i-parenti","status":"publish","type":"post","link":"https:\/\/www.familiarivittimecovid19.it\/?p=178","title":{"rendered":"Draghi a Bergamo il 18 marzo, i legali dei famigliari delle vittime: \u201cNon esiste ricorrenza senza i parenti\u201d"},"content":{"rendered":"\n<h2 class=\"wp-block-heading\">Draghi a Bergamo il 18 marzo per la Giornata nazionale in memoria delle vittime dell\u2019epidemia di coronavirus. I legali dei famigliari delle vittime: &#8220;Non esiste ricorrenza senza i parenti&#8221;<\/h2>\n\n\n\n<p class=\"wp-block-paragraph\"><\/p>\n\n\n\n<p class=\"wp-block-paragraph\">Il 18 marzo il presidente del Consiglio Mario Draghi sar\u00e0 a Bergamo nella\u00a0<strong>Giornata nazionale in memoria delle vittime dell\u2019epidemia di coronavirus<\/strong>. Non un giorno a caso: la ricorrenza voluta dal Comune di Bergamo\u00a0<strong>si terr\u00e0 ad un anno esatto dalla presenza dei camion militari in citt\u00e0, chiamati a portare via le bare che non trovavano spazio da nessuna parte<\/strong>. La presenza del neo premier, confermata proprio da una nota di Palazzo Chigi, \u00e8 una prima conferma della vicinanza di un Governo percepito troppo spesso come distante da questa che \u00e8 stata la terra pi\u00f9 martoriata d\u2019Italia.\u00a0<strong>Il presidente del Consiglio Draghi arriver\u00e0 in mattinata e parteciper\u00e0 all\u2019inaugurazione del Bosco della Memoria al parco della Trucca<\/strong>\u00a0(l\u2019orario indicato dal Comune \u00e8 le 12, ma si \u00e8 in attesa dell\u2019imprimatur da Roma).<\/p>\n\n\n\n<p class=\"wp-block-paragraph\"><a href=\"https:\/\/www.valseriananews.it\/2021\/03\/06\/draghi-a-bergamo-il-18-marzo-i-legali-dei-famigliari-delle-vittime-non-esiste-ricorrenza-senza-i-parenti\/\">CONTINUA<\/a><\/p>\n","protected":false},"excerpt":{"rendered":"<p>Draghi a Bergamo il 18 marzo per la Giornata nazionale in memoria delle vittime dell\u2019epidemia di coronavirus. I legali dei famigliari delle vittime: &#8220;Non esiste ricorrenza senza i parenti&#8221; Il 18 marzo il presidente del Consiglio Mario Draghi sar\u00e0 a Bergamo nella\u00a0Giornata nazionale in memoria delle vittime dell\u2019epidemia di coronavirus. Non un giorno a caso: la ricorrenza voluta dal Comune di Bergamo\u00a0si terr\u00e0 ad un anno esatto dalla presenza dei camion militari in citt\u00e0, chiamati a portare via le bare che non trovavano spazio da nessuna parte. La presenza del neo premier, confermata proprio da una nota di Palazzo Chigi, \u00e8 una prima conferma della vicinanza di un Governo percepito troppo spesso come distante da questa che \u00e8 stata la terra pi\u00f9 martoriata d\u2019Italia.\u00a0Il presidente del Consiglio Draghi arriver\u00e0 in mattinata e parteciper\u00e0 all\u2019inaugurazione del Bosco della Memoria al parco della Trucca\u00a0(l\u2019orario indicato dal Comune \u00e8 le 12, ma si \u00e8 in attesa dell\u2019imprimatur da Roma). CONTINUA<\/p>\n","protected":false},"author":1,"featured_media":179,"comment_status":"open","ping_status":"open","sticky":false,"template":"","format":"standard","meta":{"footnotes":""},"categories":[4],"tags":[15,10,27,26,9,32,20,24,22,14,18,17,25,31,29,13,12,19,23,21,30,28,16,11],"class_list":["post-178","post","type-post","status-publish","format-standard","has-post-thumbnail","hentry","category-stampa-italiana","tag-agenziestampa","tag-azionecivile","tag-bergamonews","tag-corriere","tag-covid19","tag-dannoparentale","tag-derspiegel","tag-ilfattoquotidiano","tag-mediaset","tag-news","tag-presadiretta","tag-report","tag-repubblica","tag-risarcimento","tag-seilatv","tag-sempreuniti","tag-sereni","tag-skytg24","tag-tgcom24","tag-theguardian","tag-tribunaleroma","tag-valseriananews","tag-video","tag-vittimecovid19"],"_links":{"self":[{"href":"https:\/\/www.familiarivittimecovid19.it\/index.php?rest_route=\/wp\/v2\/posts\/178","targetHints":{"allow":["GET"]}}],"collection":[{"href":"https:\/\/www.familiarivittimecovid19.it\/index.php?rest_route=\/wp\/v2\/posts"}],"about":[{"href":"https:\/\/www.familiarivittimecovid19.it\/index.php?rest_route=\/wp\/v2\/types\/post"}],"author":[{"embeddable":true,"href":"https:\/\/www.familiarivittimecovid19.it\/index.php?rest_route=\/wp\/v2\/users\/1"}],"replies":[{"embeddable":true,"href":"https:\/\/www.familiarivittimecovid19.it\/index.php?rest_route=%2Fwp%2Fv2%2Fcomments&post=178"}],"version-history":[{"count":1,"href":"https:\/\/www.familiarivittimecovid19.it\/index.php?rest_route=\/wp\/v2\/posts\/178\/revisions"}],"predecessor-version":[{"id":180,"href":"https:\/\/www.familiarivittimecovid19.it\/index.php?rest_route=\/wp\/v2\/posts\/178\/revisions\/180"}],"wp:featuredmedia":[{"embeddable":true,"href":"https:\/\/www.familiarivittimecovid19.it\/index.php?rest_route=\/wp\/v2\/media\/179"}],"wp:attachment":[{"href":"https:\/\/www.familiarivittimecovid19.it\/index.php?rest_route=%2Fwp%2Fv2%2Fmedia&parent=178"}],"wp:term":[{"taxonomy":"category","embeddable":true,"href":"https:\/\/www.familiarivittimecovid19.it\/index.php?rest_route=%2Fwp%2Fv2%2Fcategories&post=178"},{"taxonomy":"post_tag","embeddable":true,"href":"https:\/\/www.familiarivittimecovid19.it\/index.php?rest_route=%2Fwp%2Fv2%2Ftags&post=178"}],"curies":[{"name":"wp","href":"https:\/\/api.w.org\/{rel}","templated":true}]}}