{"id":591,"date":"2022-03-21T14:39:40","date_gmt":"2022-03-21T14:39:40","guid":{"rendered":"https:\/\/www.familiarivittimecovid19.it\/?p=591"},"modified":"2022-03-21T14:41:47","modified_gmt":"2022-03-21T14:41:47","slug":"591","status":"publish","type":"post","link":"https:\/\/www.familiarivittimecovid19.it\/?p=591","title":{"rendered":"Reconnaitre les erreurs de l&#8217;Italie dans la gestion de la pand\u00e9mie de covid-19"},"content":{"rendered":"\t\t<div data-elementor-type=\"wp-post\" data-elementor-id=\"591\" class=\"elementor elementor-591\">\n\t\t\t\t\t\t<section class=\"elementor-section elementor-top-section elementor-element elementor-element-32aa7868 elementor-section-boxed elementor-section-height-default elementor-section-height-default wpr-particle-no wpr-jarallax-no wpr-parallax-no wpr-sticky-section-no wpr-column-slider-no wpr-equal-height-no\" data-id=\"32aa7868\" data-element_type=\"section\" data-e-type=\"section\">\n\t\t\t\t\t\t<div class=\"elementor-container elementor-column-gap-default\">\n\t\t\t\t\t<div class=\"elementor-column elementor-col-100 elementor-top-column elementor-element elementor-element-23fe2d75\" data-id=\"23fe2d75\" data-element_type=\"column\" data-e-type=\"column\">\n\t\t\t<div class=\"elementor-widget-wrap elementor-element-populated\">\n\t\t\t\t\t\t<div class=\"elementor-element elementor-element-50a3619 elementor-widget elementor-widget-text-editor\" data-id=\"50a3619\" data-element_type=\"widget\" data-e-type=\"widget\" data-widget_type=\"text-editor.default\">\n\t\t\t\t<div class=\"elementor-widget-container\">\n\t\t\t\t\t\t\t\t\t<p><span style=\"color: rgb(0, 0, 0); font-family: museo-sans; font-size: 12px; font-weight: 700; background-color: rgb(242, 242, 242);\">R<\/span><span style=\"color: rgb(0, 0, 0); font-family: museo-sans; font-size: 12px; background-color: rgb(242, 242, 242);\">econnaitre les erreurs de l&#8217;Italie dans la gestion de la pand\u00e9mie de covid-19<\/span><\/p>\t\t\t\t\t\t\t\t<\/div>\n\t\t\t\t<\/div>\n\t\t\t\t<div class=\"elementor-element elementor-element-32c08e3b elementor-widget elementor-widget-text-editor\" data-id=\"32c08e3b\" data-element_type=\"widget\" data-e-type=\"widget\" data-widget_type=\"text-editor.default\">\n\t\t\t\t<div class=\"elementor-widget-container\">\n\t\t\t\t\t\t\t\t\t\n<p class=\"wp-block-paragraph\">Chiara Alfieri, anthropologue de la sant\u00e9 \u00e0 l\u2019IRD au sein du&nbsp;<a href=\"https:\/\/www.lped.fr\/\" target=\"_blank\" rel=\"noreferrer noopener\">Laboratoire Population Environnement D\u00e9veloppement<\/a>, est salu\u00e9e par l&#8217;association des parents de victimes #sereniesempreuniti pour ses travaux de recherches sur la gestion de la crise sanitaire en Lombardie; r\u00e9gion italienne la plus touch\u00e9e par la pand\u00e9mie de covid-19 au printemps 2020.&nbsp;<a href=\"https:\/\/www.thelancet.com\/journals\/lancet\/article\/PIIS0140-6736(21)02805-1\/fulltext\" target=\"_blank\" rel=\"noreferrer noopener\">La revue scientifique The Lancet consacre un article sur le sujet en janvier dernier.&nbsp;<\/a><\/p>\n\n\n\n<p class=\"wp-block-paragraph\">Pr\u00e8s de 600 plaintes ont \u00e9t\u00e9 d\u00e9pos\u00e9es au tribunal contre les autorit\u00e9s sanitaires par les familles des personnes d\u00e9c\u00e9d\u00e9es pendant la pand\u00e9mie. En juillet 2021, un proc\u00e8s civil contre l&#8217;\u00c9tat italien, le minist\u00e8re de la Sant\u00e9 et les administrateurs de la r\u00e9gion de Lombardie a eu lieu \u00e0 Rome. Une \u00e9quipe de cinq avocats engag\u00e9s par les familles des victimes du covid-19 dirig\u00e9e par Consuelo Locati \u00e9tait pr\u00e9sente, ainsi que des membres du mouvement #Sereni e sempre uniti (Sereins et toujours unis).<\/p>\n\n\n\n<p class=\"wp-block-paragraph\"><strong>Obtenir la v\u00e9rit\u00e9, la justice, la r\u00e9paration, la dignit\u00e9, l\u2019\u00e9coute pour faire son deuil sont les objectifs de cette association constitu\u00e9e en r\u00e9ponse \u00e0 l\u2019h\u00e9catombe qui a eu lieu dans la province de Bergame, devenue tristement c\u00e9l\u00e8bre au printemps 2020 pour les cadavres entass\u00e9s dans les h\u00f4pitaux, les \u00e9glises et les cimeti\u00e8res puis transport\u00e9s par des camions militaires vers les cr\u00e9matoriums.<\/strong><\/p>\n\n\n\n<p class=\"wp-block-paragraph\">Leggi l&#8217;articolo su: <a referrerpolicy=\"origin\" href=\"https:\/\/www.ird.fr\/reconnaitre-les-erreurs-de-litalie-dans-la-gestion-de-la-pandemie-de-covid-19\">https:\/\/www.ird.fr\/reconnaitre-les-erreurs-de-litalie-dans-la-gestion-de-la-pandemie-de-covid-19<\/a><\/p>\n\t\t\t\t\t\t\t\t<\/div>\n\t\t\t\t<\/div>\n\t\t\t\t\t<\/div>\n\t\t<\/div>\n\t\t\t\t\t<\/div>\n\t\t<\/section>\n\t\t\t\t<\/div>\n\t\t","protected":false},"excerpt":{"rendered":"<p>Reconnaitre les erreurs de l&#8217;Italie dans la gestion de la pand\u00e9mie de covid-19 Chiara Alfieri, anthropologue de la sant\u00e9 \u00e0 l\u2019IRD au sein du&nbsp;Laboratoire Population Environnement D\u00e9veloppement, est salu\u00e9e par l&#8217;association des parents de victimes #sereniesempreuniti pour ses travaux de recherches sur la gestion de la crise sanitaire en Lombardie; r\u00e9gion italienne la plus touch\u00e9e par la pand\u00e9mie de covid-19 au printemps 2020.&nbsp;La revue scientifique The Lancet consacre un article sur le sujet en janvier dernier.&nbsp; Pr\u00e8s de 600 plaintes ont \u00e9t\u00e9 d\u00e9pos\u00e9es au tribunal contre les autorit\u00e9s sanitaires par les familles des personnes d\u00e9c\u00e9d\u00e9es pendant la pand\u00e9mie. En juillet 2021, un proc\u00e8s civil contre l&#8217;\u00c9tat italien, le minist\u00e8re de la Sant\u00e9 et les administrateurs de la r\u00e9gion de Lombardie a eu lieu \u00e0 Rome. Une \u00e9quipe de cinq avocats engag\u00e9s par les familles des victimes du covid-19 dirig\u00e9e par Consuelo Locati \u00e9tait pr\u00e9sente, ainsi que des membres du mouvement #Sereni e sempre uniti (Sereins et toujours unis). Obtenir la v\u00e9rit\u00e9, la justice, la r\u00e9paration, la dignit\u00e9, l\u2019\u00e9coute pour faire son deuil sont les objectifs de cette association constitu\u00e9e en r\u00e9ponse \u00e0 l\u2019h\u00e9catombe qui a eu lieu dans la province de Bergame, devenue tristement c\u00e9l\u00e8bre au printemps 2020 pour les cadavres entass\u00e9s dans les h\u00f4pitaux, les \u00e9glises et les cimeti\u00e8res puis transport\u00e9s par des camions militaires vers les cr\u00e9matoriums. Leggi l&#8217;articolo su: https:\/\/www.ird.fr\/reconnaitre-les-erreurs-de-litalie-dans-la-gestion-de-la-pandemie-de-covid-19<\/p>\n","protected":false},"author":1,"featured_media":592,"comment_status":"open","ping_status":"open","sticky":false,"template":"","format":"standard","meta":{"footnotes":""},"categories":[6],"tags":[],"class_list":["post-591","post","type-post","status-publish","format-standard","has-post-thumbnail","hentry","category-stampa-estera"],"_links":{"self":[{"href":"https:\/\/www.familiarivittimecovid19.it\/index.php?rest_route=\/wp\/v2\/posts\/591","targetHints":{"allow":["GET"]}}],"collection":[{"href":"https:\/\/www.familiarivittimecovid19.it\/index.php?rest_route=\/wp\/v2\/posts"}],"about":[{"href":"https:\/\/www.familiarivittimecovid19.it\/index.php?rest_route=\/wp\/v2\/types\/post"}],"author":[{"embeddable":true,"href":"https:\/\/www.familiarivittimecovid19.it\/index.php?rest_route=\/wp\/v2\/users\/1"}],"replies":[{"embeddable":true,"href":"https:\/\/www.familiarivittimecovid19.it\/index.php?rest_route=%2Fwp%2Fv2%2Fcomments&post=591"}],"version-history":[{"count":7,"href":"https:\/\/www.familiarivittimecovid19.it\/index.php?rest_route=\/wp\/v2\/posts\/591\/revisions"}],"predecessor-version":[{"id":599,"href":"https:\/\/www.familiarivittimecovid19.it\/index.php?rest_route=\/wp\/v2\/posts\/591\/revisions\/599"}],"wp:featuredmedia":[{"embeddable":true,"href":"https:\/\/www.familiarivittimecovid19.it\/index.php?rest_route=\/wp\/v2\/media\/592"}],"wp:attachment":[{"href":"https:\/\/www.familiarivittimecovid19.it\/index.php?rest_route=%2Fwp%2Fv2%2Fmedia&parent=591"}],"wp:term":[{"taxonomy":"category","embeddable":true,"href":"https:\/\/www.familiarivittimecovid19.it\/index.php?rest_route=%2Fwp%2Fv2%2Fcategories&post=591"},{"taxonomy":"post_tag","embeddable":true,"href":"https:\/\/www.familiarivittimecovid19.it\/index.php?rest_route=%2Fwp%2Fv2%2Ftags&post=591"}],"curies":[{"name":"wp","href":"https:\/\/api.w.org\/{rel}","templated":true}]}}