{"id":952,"date":"2022-05-18T07:36:41","date_gmt":"2022-05-18T07:36:41","guid":{"rendered":"https:\/\/www.familiarivittimecovid19.it\/?p=952"},"modified":"2022-05-18T07:36:42","modified_gmt":"2022-05-18T07:36:42","slug":"i-familiari-delle-vittime-del-covid-il-ministero-ci-ha-dato-un-documento-oms-retrodatato","status":"publish","type":"post","link":"https:\/\/www.familiarivittimecovid19.it\/?p=952","title":{"rendered":"I familiari delle vittime del Covid: &#8220;Il ministero ci ha dato un documento Oms retrodatato&#8221;"},"content":{"rendered":"\n<p class=\"wp-block-paragraph\"><a href=\"https:\/\/www.agi.it\/cronaca\/news\/2022-05-17\/ministero-documento-familiari-morti-covid-16770253\/?fbclid=IwAR1zrsbXsK6bHwbLnHJct1357KR5Fp38HNm6Vn445oP0WpAuN4b1ojaPPX0\">https:\/\/www.agi.it\/cronaca\/news\/2022-05-17\/ministero-documento-familiari-morti-covid-16770253\/?fbclid=IwAR1zrsbXsK6bHwbLnHJct1357KR5Fp38HNm6Vn445oP0WpAuN4b1ojaPPX0<\/a><\/p>\n\n\n\n<p class=\"wp-block-paragraph\">AGI&nbsp;\u2013 &nbsp;Il ministero della Salute risponde a una richiesta di accesso agli atti dei familiari del Covid \u201ccon un documento datato 5 gennaio che riporta per\u00f2 alert e comunicazioni del 7 e del 12 gennaio\u201d.<\/p>\n\n\n\n<p class=\"wp-block-paragraph\">Il caso viene sollevato da Consuelo Locati, avvocato dell\u2019associazione \u2018Sereni- Sempre uniti\u2019, che aveva chiesto &nbsp;al Ministero il testo della comunicazione dell\u2019Oms al governo del 5 gennaio 2020 sul&nbsp;<strong>sistema \u2018Event Information System\u2019<\/strong>&nbsp;nell\u2019ambito della ricostruzione dei fatti per la causa civile e per l\u2019inchiesta penale in cui si ipotizzano responsabilit\u00e0 delle istituzioni.<\/p>\n\n\n\n<p class=\"wp-block-paragraph\">Stando alla corrispondenza tra il ministero e la legale, consultata dall\u2019AGI, il direttore generale del ministero, Giovanni Rezza, allega&nbsp;<strong>un documento pdf datato 5 gennaio<\/strong>&nbsp;che al suo interno contiene riferimenti a date successive.<\/p>\n\n\n\n<p class=\"wp-block-paragraph\">\u201cIl 7 gennaio del 2020 \u00e8 stato rilevato un nuovo tipo di coronavirus \u2013 si legge in un passaggio \u2013 ed \u00e8 stata ottenuta l\u2019intera sequenza del genoma\u201d. E, in un altro stralcio, c\u2019\u00e8 un riferimento \u201calle 24 dell\u201911 gennaio&#8221; quando vengono analizzati in Cina i dati clinici ed epidemiologici&nbsp;<strong>di 41 pazienti&nbsp;<\/strong>che si erano infettati.<\/p>\n\n\n\n<p class=\"wp-block-paragraph\">\u201c\u00c8&nbsp;evidente che il documento non \u00e8 quello che avevamo chiesto &#8211; commenta Locati &#8211;<strong>&nbsp;Quello che ci sfugge<\/strong>&nbsp;\u00e8 come sia possibile che in un testo datato 5 gennaio, siano riportate comunicazioni ed eventi successivi. Detto questo, in quel documento risulta comunque che l\u2019Oms abbia sollecitato gli Stati a mettere in sicurezza gli ospedali, soprattutto i reparti emergenziali. Per questo abbiamo chiesto le carte da cui risultino i documenti in attuazione del sollecito dell\u2019Oms, oltre che il documento originale del 5 gennaio\u201d.&nbsp;<\/p>\n","protected":false},"excerpt":{"rendered":"<p>https:\/\/www.agi.it\/cronaca\/news\/2022-05-17\/ministero-documento-familiari-morti-covid-16770253\/?fbclid=IwAR1zrsbXsK6bHwbLnHJct1357KR5Fp38HNm6Vn445oP0WpAuN4b1ojaPPX0 AGI&nbsp;\u2013 &nbsp;Il ministero della Salute risponde a una richiesta di accesso agli atti dei familiari del Covid \u201ccon un documento datato 5 gennaio che riporta per\u00f2 alert e comunicazioni del 7 e del 12 gennaio\u201d. Il caso viene sollevato da Consuelo Locati, avvocato dell\u2019associazione \u2018Sereni- Sempre uniti\u2019, che aveva chiesto &nbsp;al Ministero il testo della comunicazione dell\u2019Oms al governo del 5 gennaio 2020 sul&nbsp;sistema \u2018Event Information System\u2019&nbsp;nell\u2019ambito della ricostruzione dei fatti per la causa civile e per l\u2019inchiesta penale in cui si ipotizzano responsabilit\u00e0 delle istituzioni. Stando alla corrispondenza tra il ministero e la legale, consultata dall\u2019AGI, il direttore generale del ministero, Giovanni Rezza, allega&nbsp;un documento pdf datato 5 gennaio&nbsp;che al suo interno contiene riferimenti a date successive. \u201cIl 7 gennaio del 2020 \u00e8 stato rilevato un nuovo tipo di coronavirus \u2013 si legge in un passaggio \u2013 ed \u00e8 stata ottenuta l\u2019intera sequenza del genoma\u201d. E, in un altro stralcio, c\u2019\u00e8 un riferimento \u201calle 24 dell\u201911 gennaio&#8221; quando vengono analizzati in Cina i dati clinici ed epidemiologici&nbsp;di 41 pazienti&nbsp;che si erano infettati. \u201c\u00c8&nbsp;evidente che il documento non \u00e8 quello che avevamo chiesto &#8211; commenta Locati &#8211;&nbsp;Quello che ci sfugge&nbsp;\u00e8 come sia possibile che in un testo datato 5 gennaio, siano riportate comunicazioni ed eventi successivi. Detto questo, in quel documento risulta comunque che l\u2019Oms abbia sollecitato gli Stati a mettere in sicurezza gli ospedali, soprattutto i reparti emergenziali. Per questo abbiamo chiesto le carte da cui risultino i documenti in attuazione del sollecito dell\u2019Oms, oltre che il documento originale del 5 gennaio\u201d.&nbsp;<\/p>\n","protected":false},"author":1,"featured_media":443,"comment_status":"open","ping_status":"open","sticky":false,"template":"","format":"standard","meta":{"footnotes":""},"categories":[2],"tags":[],"class_list":["post-952","post","type-post","status-publish","format-standard","has-post-thumbnail","hentry","category-agenzie"],"_links":{"self":[{"href":"https:\/\/www.familiarivittimecovid19.it\/index.php?rest_route=\/wp\/v2\/posts\/952","targetHints":{"allow":["GET"]}}],"collection":[{"href":"https:\/\/www.familiarivittimecovid19.it\/index.php?rest_route=\/wp\/v2\/posts"}],"about":[{"href":"https:\/\/www.familiarivittimecovid19.it\/index.php?rest_route=\/wp\/v2\/types\/post"}],"author":[{"embeddable":true,"href":"https:\/\/www.familiarivittimecovid19.it\/index.php?rest_route=\/wp\/v2\/users\/1"}],"replies":[{"embeddable":true,"href":"https:\/\/www.familiarivittimecovid19.it\/index.php?rest_route=%2Fwp%2Fv2%2Fcomments&post=952"}],"version-history":[{"count":1,"href":"https:\/\/www.familiarivittimecovid19.it\/index.php?rest_route=\/wp\/v2\/posts\/952\/revisions"}],"predecessor-version":[{"id":953,"href":"https:\/\/www.familiarivittimecovid19.it\/index.php?rest_route=\/wp\/v2\/posts\/952\/revisions\/953"}],"wp:featuredmedia":[{"embeddable":true,"href":"https:\/\/www.familiarivittimecovid19.it\/index.php?rest_route=\/wp\/v2\/media\/443"}],"wp:attachment":[{"href":"https:\/\/www.familiarivittimecovid19.it\/index.php?rest_route=%2Fwp%2Fv2%2Fmedia&parent=952"}],"wp:term":[{"taxonomy":"category","embeddable":true,"href":"https:\/\/www.familiarivittimecovid19.it\/index.php?rest_route=%2Fwp%2Fv2%2Fcategories&post=952"},{"taxonomy":"post_tag","embeddable":true,"href":"https:\/\/www.familiarivittimecovid19.it\/index.php?rest_route=%2Fwp%2Fv2%2Ftags&post=952"}],"curies":[{"name":"wp","href":"https:\/\/api.w.org\/{rel}","templated":true}]}}